{"id":159395,"date":"2023-01-17T16:17:00","date_gmt":"2023-01-17T16:17:00","guid":{"rendered":"http:\/\/radiofenix.com.ar\/la-banda-espanola-vetusta-morla-confirmo-su-show-en-buenos-aires\/"},"modified":"2023-01-17T16:17:00","modified_gmt":"2023-01-17T16:17:00","slug":"la-banda-espanola-vetusta-morla-confirmo-su-show-en-buenos-aires","status":"publish","type":"post","link":"https:\/\/radiofenix.com.ar\/2023\/la-banda-espanola-vetusta-morla-confirmo-su-show-en-buenos-aires\/","title":{"rendered":"La banda espa\u00f1ola Vetusta Morla confirm\u00f3 su show en Buenos Aires"},"content":{"rendered":"<p>El 17 de febrero en el Complejo Art Media, ubicado en el barrio porte\u00f1o de Villa Crespo, el grupo presentar\u00e1 su nuevo disco \u00abCable a tierra\u00bb y el 19 ser\u00e1, por primera vez, uno de los animadores internacionales del Cosqu\u00edn Rock.El 17 de febrero en el Complejo Art Media, ubicado en el barrio porte\u00f1o de Villa Crespo, el grupo presentar\u00e1 su nuevo disco \u00abCable a tierra\u00bb y el 19 ser\u00e1, por primera vez, uno de los animadores internacionales del Cosqu\u00edn Rock.<\/p>\n","protected":false},"excerpt":{"rendered":"<p>El 17 de febrero en el Complejo Art Media, ubicado en el barrio porte\u00f1o de&#8230;<\/p>\n","protected":false},"author":2,"featured_media":159396,"comment_status":"open","ping_status":"open","sticky":false,"template":"","format":"standard","meta":{"footnotes":""},"categories":[4],"tags":[],"class_list":["post-159395","post","type-post","status-publish","format-standard","has-post-thumbnail","hentry","category-espectaculos"],"featured_image_urls":{"full":"","thumbnail":"","medium":"","medium_large":"","large":"","1536x1536":"","2048x2048":"","newsium-slider-full":"","newsium-featured":"","newsium-medium":""},"author_info":{"info":["c1500921"]},"category_info":"<a href=\"https:\/\/radiofenix.com.ar\/2023\/category\/espectaculos\/\" rel=\"category tag\">Espectaculos<\/a>","tag_info":"Espectaculos","comment_count":"0","_links":{"self":[{"href":"https:\/\/radiofenix.com.ar\/2023\/wp-json\/wp\/v2\/posts\/159395","targetHints":{"allow":["GET"]}}],"collection":[{"href":"https:\/\/radiofenix.com.ar\/2023\/wp-json\/wp\/v2\/posts"}],"about":[{"href":"https:\/\/radiofenix.com.ar\/2023\/wp-json\/wp\/v2\/types\/post"}],"author":[{"embeddable":true,"href":"https:\/\/radiofenix.com.ar\/2023\/wp-json\/wp\/v2\/users\/2"}],"replies":[{"embeddable":true,"href":"https:\/\/radiofenix.com.ar\/2023\/wp-json\/wp\/v2\/comments?post=159395"}],"version-history":[{"count":0,"href":"https:\/\/radiofenix.com.ar\/2023\/wp-json\/wp\/v2\/posts\/159395\/revisions"}],"wp:featuredmedia":[{"embeddable":true,"href":"https:\/\/radiofenix.com.ar\/2023\/wp-json\/"}],"wp:attachment":[{"href":"https:\/\/radiofenix.com.ar\/2023\/wp-json\/wp\/v2\/media?parent=159395"}],"wp:term":[{"taxonomy":"category","embeddable":true,"href":"https:\/\/radiofenix.com.ar\/2023\/wp-json\/wp\/v2\/categories?post=159395"},{"taxonomy":"post_tag","embeddable":true,"href":"https:\/\/radiofenix.com.ar\/2023\/wp-json\/wp\/v2\/tags?post=159395"}],"curies":[{"name":"wp","href":"https:\/\/api.w.org\/{rel}","templated":true}]}}