{"id":159405,"date":"2023-01-17T17:04:41","date_gmt":"2023-01-17T17:04:41","guid":{"rendered":"http:\/\/radiofenix.com.ar\/scaloni-viajara-en-los-proximos-dias-a-la-argentina-para-definir-su-continuidad\/"},"modified":"2023-01-17T17:04:41","modified_gmt":"2023-01-17T17:04:41","slug":"scaloni-viajara-en-los-proximos-dias-a-la-argentina-para-definir-su-continuidad","status":"publish","type":"post","link":"https:\/\/radiofenix.com.ar\/2023\/scaloni-viajara-en-los-proximos-dias-a-la-argentina-para-definir-su-continuidad\/","title":{"rendered":"Scaloni viajar\u00e1 en los pr\u00f3ximos d\u00edas a la Argentina para definir su continuidad"},"content":{"rendered":"<p>El DT campe\u00f3n del mundo asegur\u00f3 que entiende la expectativa que hay por la renovaci\u00f3n de su contrato pero todav\u00eda no tiene confirmado el d\u00eda en el que viajar\u00e1 a Buenos Aires.<\/p>\n","protected":false},"excerpt":{"rendered":"<p>El DT campe\u00f3n del mundo asegur\u00f3 que entiende la expectativa que hay por la renovaci\u00f3n&#8230;<\/p>\n","protected":false},"author":2,"featured_media":159406,"comment_status":"open","ping_status":"open","sticky":false,"template":"","format":"standard","meta":{"footnotes":""},"categories":[3],"tags":[],"class_list":["post-159405","post","type-post","status-publish","format-standard","has-post-thumbnail","hentry","category-deportes"],"featured_image_urls":{"full":"","thumbnail":"","medium":"","medium_large":"","large":"","1536x1536":"","2048x2048":"","newsium-slider-full":"","newsium-featured":"","newsium-medium":""},"author_info":{"info":["c1500921"]},"category_info":"<a href=\"https:\/\/radiofenix.com.ar\/2023\/category\/deportes\/\" rel=\"category tag\">Deportes<\/a>","tag_info":"Deportes","comment_count":"0","_links":{"self":[{"href":"https:\/\/radiofenix.com.ar\/2023\/wp-json\/wp\/v2\/posts\/159405","targetHints":{"allow":["GET"]}}],"collection":[{"href":"https:\/\/radiofenix.com.ar\/2023\/wp-json\/wp\/v2\/posts"}],"about":[{"href":"https:\/\/radiofenix.com.ar\/2023\/wp-json\/wp\/v2\/types\/post"}],"author":[{"embeddable":true,"href":"https:\/\/radiofenix.com.ar\/2023\/wp-json\/wp\/v2\/users\/2"}],"replies":[{"embeddable":true,"href":"https:\/\/radiofenix.com.ar\/2023\/wp-json\/wp\/v2\/comments?post=159405"}],"version-history":[{"count":0,"href":"https:\/\/radiofenix.com.ar\/2023\/wp-json\/wp\/v2\/posts\/159405\/revisions"}],"wp:featuredmedia":[{"embeddable":true,"href":"https:\/\/radiofenix.com.ar\/2023\/wp-json\/"}],"wp:attachment":[{"href":"https:\/\/radiofenix.com.ar\/2023\/wp-json\/wp\/v2\/media?parent=159405"}],"wp:term":[{"taxonomy":"category","embeddable":true,"href":"https:\/\/radiofenix.com.ar\/2023\/wp-json\/wp\/v2\/categories?post=159405"},{"taxonomy":"post_tag","embeddable":true,"href":"https:\/\/radiofenix.com.ar\/2023\/wp-json\/wp\/v2\/tags?post=159405"}],"curies":[{"name":"wp","href":"https:\/\/api.w.org\/{rel}","templated":true}]}}