{"id":159413,"date":"2023-01-17T17:44:00","date_gmt":"2023-01-17T17:44:00","guid":{"rendered":"http:\/\/radiofenix.com.ar\/la-versatil-y-camelonica-julieta-zylberberg-retoma-la-comedia\/"},"modified":"2023-01-17T17:44:00","modified_gmt":"2023-01-17T17:44:00","slug":"la-versatil-y-camelonica-julieta-zylberberg-retoma-la-comedia","status":"publish","type":"post","link":"https:\/\/radiofenix.com.ar\/2023\/la-versatil-y-camelonica-julieta-zylberberg-retoma-la-comedia\/","title":{"rendered":"La versatil y camel\u00f3nica Julieta Zylberberg retoma la comedia"},"content":{"rendered":"<p>\u00abSoy muy afortunada porque me imagino que me aburrir\u00eda mucho si tuviera que elegir un g\u00e9nero\u00bb, asegur\u00f3 en di\u00e1logo con T\u00e9lam. Este jueves estrena la biopic sobre los inicios del reconocido bromista telef\u00f3nico nacional\u00bbSoy muy afortunada porque me imagino que me aburrir\u00eda mucho si tuviera que elegir un g\u00e9nero\u00bb, asegur\u00f3 en di\u00e1logo con T\u00e9lam. Este jueves estrena la biopic sobre los inicios del reconocido bromista telef\u00f3nico nacional<\/p>\n","protected":false},"excerpt":{"rendered":"<p>\u00abSoy muy afortunada porque me imagino que me aburrir\u00eda mucho si tuviera que elegir un&#8230;<\/p>\n","protected":false},"author":2,"featured_media":159414,"comment_status":"open","ping_status":"open","sticky":false,"template":"","format":"standard","meta":{"footnotes":""},"categories":[4],"tags":[],"class_list":["post-159413","post","type-post","status-publish","format-standard","has-post-thumbnail","hentry","category-espectaculos"],"featured_image_urls":{"full":"","thumbnail":"","medium":"","medium_large":"","large":"","1536x1536":"","2048x2048":"","newsium-slider-full":"","newsium-featured":"","newsium-medium":""},"author_info":{"info":["c1500921"]},"category_info":"<a href=\"https:\/\/radiofenix.com.ar\/2023\/category\/espectaculos\/\" rel=\"category tag\">Espectaculos<\/a>","tag_info":"Espectaculos","comment_count":"0","_links":{"self":[{"href":"https:\/\/radiofenix.com.ar\/2023\/wp-json\/wp\/v2\/posts\/159413","targetHints":{"allow":["GET"]}}],"collection":[{"href":"https:\/\/radiofenix.com.ar\/2023\/wp-json\/wp\/v2\/posts"}],"about":[{"href":"https:\/\/radiofenix.com.ar\/2023\/wp-json\/wp\/v2\/types\/post"}],"author":[{"embeddable":true,"href":"https:\/\/radiofenix.com.ar\/2023\/wp-json\/wp\/v2\/users\/2"}],"replies":[{"embeddable":true,"href":"https:\/\/radiofenix.com.ar\/2023\/wp-json\/wp\/v2\/comments?post=159413"}],"version-history":[{"count":0,"href":"https:\/\/radiofenix.com.ar\/2023\/wp-json\/wp\/v2\/posts\/159413\/revisions"}],"wp:featuredmedia":[{"embeddable":true,"href":"https:\/\/radiofenix.com.ar\/2023\/wp-json\/"}],"wp:attachment":[{"href":"https:\/\/radiofenix.com.ar\/2023\/wp-json\/wp\/v2\/media?parent=159413"}],"wp:term":[{"taxonomy":"category","embeddable":true,"href":"https:\/\/radiofenix.com.ar\/2023\/wp-json\/wp\/v2\/categories?post=159413"},{"taxonomy":"post_tag","embeddable":true,"href":"https:\/\/radiofenix.com.ar\/2023\/wp-json\/wp\/v2\/tags?post=159413"}],"curies":[{"name":"wp","href":"https:\/\/api.w.org\/{rel}","templated":true}]}}