{"id":159415,"date":"2023-01-17T19:04:04","date_gmt":"2023-01-17T19:04:04","guid":{"rendered":"http:\/\/radiofenix.com.ar\/valdes-vamos-a-sacar-las-leyes-en-las-sesiones-extraordinarias\/"},"modified":"2023-01-17T19:04:04","modified_gmt":"2023-01-17T19:04:04","slug":"valdes-vamos-a-sacar-las-leyes-en-las-sesiones-extraordinarias","status":"publish","type":"post","link":"https:\/\/radiofenix.com.ar\/2023\/valdes-vamos-a-sacar-las-leyes-en-las-sesiones-extraordinarias\/","title":{"rendered":"Vald\u00e9s: \u00abVamos a sacar las leyes\u00bb en las sesiones extraordinarias"},"content":{"rendered":"<p>El diputado nacional hizo referencia a los 27 proyectos de ley que integran el temario y critic\u00f3 a Juntos por el Cambio porque \u00abvan a estar en la comisi\u00f3n de juicio pol\u00edtico para defender a la Corte pero no van a estar para la creaci\u00f3n de universidades\u00bb.El diputado nacional hizo referencia a los 27 proyectos de ley que integran el temario y critic\u00f3 a Juntos por el Cambio porque \u00abvan a estar en la comisi\u00f3n de juicio pol\u00edtico para defender a la Corte pero no van a estar para la creaci\u00f3n de universidades\u00bb.<\/p>\n","protected":false},"excerpt":{"rendered":"<p>El diputado nacional hizo referencia a los 27 proyectos de ley que integran el temario&#8230;<\/p>\n","protected":false},"author":2,"featured_media":159416,"comment_status":"open","ping_status":"open","sticky":false,"template":"","format":"standard","meta":{"footnotes":""},"categories":[2],"tags":[],"class_list":["post-159415","post","type-post","status-publish","format-standard","has-post-thumbnail","hentry","category-politica"],"featured_image_urls":{"full":"","thumbnail":"","medium":"","medium_large":"","large":"","1536x1536":"","2048x2048":"","newsium-slider-full":"","newsium-featured":"","newsium-medium":""},"author_info":{"info":["c1500921"]},"category_info":"<a href=\"https:\/\/radiofenix.com.ar\/2023\/category\/politica\/\" rel=\"category tag\">Pol\u00edtica<\/a>","tag_info":"Pol\u00edtica","comment_count":"0","_links":{"self":[{"href":"https:\/\/radiofenix.com.ar\/2023\/wp-json\/wp\/v2\/posts\/159415","targetHints":{"allow":["GET"]}}],"collection":[{"href":"https:\/\/radiofenix.com.ar\/2023\/wp-json\/wp\/v2\/posts"}],"about":[{"href":"https:\/\/radiofenix.com.ar\/2023\/wp-json\/wp\/v2\/types\/post"}],"author":[{"embeddable":true,"href":"https:\/\/radiofenix.com.ar\/2023\/wp-json\/wp\/v2\/users\/2"}],"replies":[{"embeddable":true,"href":"https:\/\/radiofenix.com.ar\/2023\/wp-json\/wp\/v2\/comments?post=159415"}],"version-history":[{"count":0,"href":"https:\/\/radiofenix.com.ar\/2023\/wp-json\/wp\/v2\/posts\/159415\/revisions"}],"wp:featuredmedia":[{"embeddable":true,"href":"https:\/\/radiofenix.com.ar\/2023\/wp-json\/"}],"wp:attachment":[{"href":"https:\/\/radiofenix.com.ar\/2023\/wp-json\/wp\/v2\/media?parent=159415"}],"wp:term":[{"taxonomy":"category","embeddable":true,"href":"https:\/\/radiofenix.com.ar\/2023\/wp-json\/wp\/v2\/categories?post=159415"},{"taxonomy":"post_tag","embeddable":true,"href":"https:\/\/radiofenix.com.ar\/2023\/wp-json\/wp\/v2\/tags?post=159415"}],"curies":[{"name":"wp","href":"https:\/\/api.w.org\/{rel}","templated":true}]}}