{"id":159417,"date":"2023-01-17T19:04:05","date_gmt":"2023-01-17T19:04:05","guid":{"rendered":"http:\/\/radiofenix.com.ar\/fernandez-afirmo-que-su-objetivo-es-que-los-argentinos-tengan-trabajo-digno-2\/"},"modified":"2023-01-17T19:04:05","modified_gmt":"2023-01-17T19:04:05","slug":"fernandez-afirmo-que-su-objetivo-es-que-los-argentinos-tengan-trabajo-digno-2","status":"publish","type":"post","link":"https:\/\/radiofenix.com.ar\/2023\/fernandez-afirmo-que-su-objetivo-es-que-los-argentinos-tengan-trabajo-digno-2\/","title":{"rendered":"Fern\u00e1ndez afirm\u00f3 que su objetivo \u00abes que los argentinos tengan trabajo digno\u00bb"},"content":{"rendered":"<p>&amp;ldquo;El Gobierno anterior les dec\u00eda a los trabajadores que se hagan emprendedores y que repartieran pizzas. Mi objetivo es que los argentinos tengan trabajo digno&amp;rdquo;, dijo el Presidente al inaugurar una\u00a0ampliaci\u00f3n del Hospital Rub\u00e9n Caporaletti,\u00a0la obra p\u00fablica n\u00famero 2838 realizada por el Gobierno nacional en todo el pa\u00eds.<\/p>\n<p>\t\u00a0&amp;ldquo;El Gobierno anterior les dec\u00eda a los trabajadores que se hagan emprendedores y que repartieran pizzas. Mi objetivo es que los argentinos tengan trabajo digno&amp;rdquo;, dijo el Presidente al inaugurar una\u00a0ampliaci\u00f3n del Hospital Rub\u00e9n Caporaletti,\u00a0la obra p\u00fablica n\u00famero 2838 realizada por el Gobierno nacional en todo el pa\u00eds.<\/p>\n<p>\t\u00a0<\/p>\n","protected":false},"excerpt":{"rendered":"<p>&amp;ldquo;El Gobierno anterior les dec\u00eda a los trabajadores que se hagan emprendedores y que repartieran&#8230;<\/p>\n","protected":false},"author":2,"featured_media":159418,"comment_status":"open","ping_status":"open","sticky":false,"template":"","format":"standard","meta":{"footnotes":""},"categories":[2],"tags":[],"class_list":["post-159417","post","type-post","status-publish","format-standard","has-post-thumbnail","hentry","category-politica"],"featured_image_urls":{"full":"","thumbnail":"","medium":"","medium_large":"","large":"","1536x1536":"","2048x2048":"","newsium-slider-full":"","newsium-featured":"","newsium-medium":""},"author_info":{"info":["c1500921"]},"category_info":"<a href=\"https:\/\/radiofenix.com.ar\/2023\/category\/politica\/\" rel=\"category tag\">Pol\u00edtica<\/a>","tag_info":"Pol\u00edtica","comment_count":"0","_links":{"self":[{"href":"https:\/\/radiofenix.com.ar\/2023\/wp-json\/wp\/v2\/posts\/159417","targetHints":{"allow":["GET"]}}],"collection":[{"href":"https:\/\/radiofenix.com.ar\/2023\/wp-json\/wp\/v2\/posts"}],"about":[{"href":"https:\/\/radiofenix.com.ar\/2023\/wp-json\/wp\/v2\/types\/post"}],"author":[{"embeddable":true,"href":"https:\/\/radiofenix.com.ar\/2023\/wp-json\/wp\/v2\/users\/2"}],"replies":[{"embeddable":true,"href":"https:\/\/radiofenix.com.ar\/2023\/wp-json\/wp\/v2\/comments?post=159417"}],"version-history":[{"count":0,"href":"https:\/\/radiofenix.com.ar\/2023\/wp-json\/wp\/v2\/posts\/159417\/revisions"}],"wp:featuredmedia":[{"embeddable":true,"href":"https:\/\/radiofenix.com.ar\/2023\/wp-json\/"}],"wp:attachment":[{"href":"https:\/\/radiofenix.com.ar\/2023\/wp-json\/wp\/v2\/media?parent=159417"}],"wp:term":[{"taxonomy":"category","embeddable":true,"href":"https:\/\/radiofenix.com.ar\/2023\/wp-json\/wp\/v2\/categories?post=159417"},{"taxonomy":"post_tag","embeddable":true,"href":"https:\/\/radiofenix.com.ar\/2023\/wp-json\/wp\/v2\/tags?post=159417"}],"curies":[{"name":"wp","href":"https:\/\/api.w.org\/{rel}","templated":true}]}}