{"id":159419,"date":"2023-01-17T17:06:00","date_gmt":"2023-01-17T17:06:00","guid":{"rendered":"http:\/\/radiofenix.com.ar\/giuliano-buscamos-poner-el-transporte-al-servicio-del-desarrollo-economico\/"},"modified":"2023-01-17T17:06:00","modified_gmt":"2023-01-17T17:06:00","slug":"giuliano-buscamos-poner-el-transporte-al-servicio-del-desarrollo-economico","status":"publish","type":"post","link":"https:\/\/radiofenix.com.ar\/2023\/giuliano-buscamos-poner-el-transporte-al-servicio-del-desarrollo-economico\/","title":{"rendered":"Giuliano: \u00abBuscamos poner el transporte al servicio del desarrollo econ\u00f3mico\u00bb"},"content":{"rendered":"<p>Se trata de una planificaci\u00f3n federal que \u00abse ve con los cuatro nodos log\u00edsticos de transferencia en todo el pa\u00eds, desde el extremo Sur, al norte y centro\u00bb, y fortalecer\u00e1 las econom\u00edas regionales, afirm\u00f3 el Ministro en di\u00e1logo con T\u00e9lam.<\/p>\n","protected":false},"excerpt":{"rendered":"<p>Se trata de una planificaci\u00f3n federal que \u00abse ve con los cuatro nodos log\u00edsticos de&#8230;<\/p>\n","protected":false},"author":2,"featured_media":159420,"comment_status":"open","ping_status":"open","sticky":false,"template":"","format":"standard","meta":{"footnotes":""},"categories":[5],"tags":[],"class_list":["post-159419","post","type-post","status-publish","format-standard","has-post-thumbnail","hentry","category-economia"],"featured_image_urls":{"full":"","thumbnail":"","medium":"","medium_large":"","large":"","1536x1536":"","2048x2048":"","newsium-slider-full":"","newsium-featured":"","newsium-medium":""},"author_info":{"info":["c1500921"]},"category_info":"<a href=\"https:\/\/radiofenix.com.ar\/2023\/category\/economia\/\" rel=\"category tag\">Economia<\/a>","tag_info":"Economia","comment_count":"0","_links":{"self":[{"href":"https:\/\/radiofenix.com.ar\/2023\/wp-json\/wp\/v2\/posts\/159419","targetHints":{"allow":["GET"]}}],"collection":[{"href":"https:\/\/radiofenix.com.ar\/2023\/wp-json\/wp\/v2\/posts"}],"about":[{"href":"https:\/\/radiofenix.com.ar\/2023\/wp-json\/wp\/v2\/types\/post"}],"author":[{"embeddable":true,"href":"https:\/\/radiofenix.com.ar\/2023\/wp-json\/wp\/v2\/users\/2"}],"replies":[{"embeddable":true,"href":"https:\/\/radiofenix.com.ar\/2023\/wp-json\/wp\/v2\/comments?post=159419"}],"version-history":[{"count":0,"href":"https:\/\/radiofenix.com.ar\/2023\/wp-json\/wp\/v2\/posts\/159419\/revisions"}],"wp:featuredmedia":[{"embeddable":true,"href":"https:\/\/radiofenix.com.ar\/2023\/wp-json\/"}],"wp:attachment":[{"href":"https:\/\/radiofenix.com.ar\/2023\/wp-json\/wp\/v2\/media?parent=159419"}],"wp:term":[{"taxonomy":"category","embeddable":true,"href":"https:\/\/radiofenix.com.ar\/2023\/wp-json\/wp\/v2\/categories?post=159419"},{"taxonomy":"post_tag","embeddable":true,"href":"https:\/\/radiofenix.com.ar\/2023\/wp-json\/wp\/v2\/tags?post=159419"}],"curies":[{"name":"wp","href":"https:\/\/api.w.org\/{rel}","templated":true}]}}