{"id":159439,"date":"2023-01-17T20:17:00","date_gmt":"2023-01-17T20:17:00","guid":{"rendered":"http:\/\/radiofenix.com.ar\/lola-indigo-vuelve-al-pais-se-presentara-en-cordoba-rosario-y-buenos-aires\/"},"modified":"2023-01-17T20:17:00","modified_gmt":"2023-01-17T20:17:00","slug":"lola-indigo-vuelve-al-pais-se-presentara-en-cordoba-rosario-y-buenos-aires","status":"publish","type":"post","link":"https:\/\/radiofenix.com.ar\/2023\/lola-indigo-vuelve-al-pais-se-presentara-en-cordoba-rosario-y-buenos-aires\/","title":{"rendered":"Lola \u00cdndigo vuelve al pa\u00eds: se presentar\u00e1 en C\u00f3rdoba, Rosario y Buenos Aires"},"content":{"rendered":"<p>Con el apoyo de la plataforma Flow, la cantante se presentar\u00e1 el 21 de marzo en Quality Espacio de C\u00f3rdoba, al d\u00eda siguiente en el Broadway de Rosario y, finalmente, cerrar\u00e1 su periplo el 25 en el Vorterix del barrio porte\u00f1o de Colegiales.Con el apoyo de la plataforma Flow, la cantante se presentar\u00e1 el 21 de marzo en Quality Espacio de C\u00f3rdoba, al d\u00eda siguiente en el Broadway de Rosario y, finalmente, cerrar\u00e1 su periplo el 25 en el Vorterix del barrio porte\u00f1o de Colegiales.<\/p>\n","protected":false},"excerpt":{"rendered":"<p>Con el apoyo de la plataforma Flow, la cantante se presentar\u00e1 el 21 de marzo&#8230;<\/p>\n","protected":false},"author":2,"featured_media":159440,"comment_status":"open","ping_status":"open","sticky":false,"template":"","format":"standard","meta":{"footnotes":""},"categories":[4],"tags":[],"class_list":["post-159439","post","type-post","status-publish","format-standard","has-post-thumbnail","hentry","category-espectaculos"],"featured_image_urls":{"full":"","thumbnail":"","medium":"","medium_large":"","large":"","1536x1536":"","2048x2048":"","newsium-slider-full":"","newsium-featured":"","newsium-medium":""},"author_info":{"info":["c1500921"]},"category_info":"<a href=\"https:\/\/radiofenix.com.ar\/2023\/category\/espectaculos\/\" rel=\"category tag\">Espectaculos<\/a>","tag_info":"Espectaculos","comment_count":"0","_links":{"self":[{"href":"https:\/\/radiofenix.com.ar\/2023\/wp-json\/wp\/v2\/posts\/159439","targetHints":{"allow":["GET"]}}],"collection":[{"href":"https:\/\/radiofenix.com.ar\/2023\/wp-json\/wp\/v2\/posts"}],"about":[{"href":"https:\/\/radiofenix.com.ar\/2023\/wp-json\/wp\/v2\/types\/post"}],"author":[{"embeddable":true,"href":"https:\/\/radiofenix.com.ar\/2023\/wp-json\/wp\/v2\/users\/2"}],"replies":[{"embeddable":true,"href":"https:\/\/radiofenix.com.ar\/2023\/wp-json\/wp\/v2\/comments?post=159439"}],"version-history":[{"count":0,"href":"https:\/\/radiofenix.com.ar\/2023\/wp-json\/wp\/v2\/posts\/159439\/revisions"}],"wp:featuredmedia":[{"embeddable":true,"href":"https:\/\/radiofenix.com.ar\/2023\/wp-json\/"}],"wp:attachment":[{"href":"https:\/\/radiofenix.com.ar\/2023\/wp-json\/wp\/v2\/media?parent=159439"}],"wp:term":[{"taxonomy":"category","embeddable":true,"href":"https:\/\/radiofenix.com.ar\/2023\/wp-json\/wp\/v2\/categories?post=159439"},{"taxonomy":"post_tag","embeddable":true,"href":"https:\/\/radiofenix.com.ar\/2023\/wp-json\/wp\/v2\/tags?post=159439"}],"curies":[{"name":"wp","href":"https:\/\/api.w.org\/{rel}","templated":true}]}}