{"id":159441,"date":"2023-01-17T21:04:51","date_gmt":"2023-01-17T21:04:51","guid":{"rendered":"http:\/\/radiofenix.com.ar\/cecilia-moreau-convoco-a-tratar-temas-que-estan-en-la-agenda-de-la-gente\/"},"modified":"2023-01-17T21:04:51","modified_gmt":"2023-01-17T21:04:51","slug":"cecilia-moreau-convoco-a-tratar-temas-que-estan-en-la-agenda-de-la-gente","status":"publish","type":"post","link":"https:\/\/radiofenix.com.ar\/2023\/cecilia-moreau-convoco-a-tratar-temas-que-estan-en-la-agenda-de-la-gente\/","title":{"rendered":"Cecilia Moreau convoc\u00f3 a \u00abtratar temas que est\u00e1n en la agenda de la gente\u00bb"},"content":{"rendered":"<p>En declaraciones radiales, la\u00a0presidenta de la C\u00e1mara de Diputados hizo menci\u00f3n al caso del Plan de Pago de Deuda Previsional, la creaci\u00f3n de universidades y la reducci\u00f3n de \u00abla carga impositiva para todos aquellos que cumplen con sus obligaciones\u00bb, entre otras iniciativas.En declaraciones radiales, la\u00a0presidenta de la C\u00e1mara de Diputados hizo menci\u00f3n al caso del Plan de Pago de Deuda Previsional, la creaci\u00f3n de universidades y la reducci\u00f3n de \u00abla carga impositiva para todos aquellos que cumplen con sus obligaciones\u00bb, entre otras iniciativas.<\/p>\n","protected":false},"excerpt":{"rendered":"<p>En declaraciones radiales, la\u00a0presidenta de la C\u00e1mara de Diputados hizo menci\u00f3n al caso del Plan&#8230;<\/p>\n","protected":false},"author":2,"featured_media":159442,"comment_status":"open","ping_status":"open","sticky":false,"template":"","format":"standard","meta":{"footnotes":""},"categories":[2],"tags":[],"class_list":["post-159441","post","type-post","status-publish","format-standard","has-post-thumbnail","hentry","category-politica"],"featured_image_urls":{"full":"","thumbnail":"","medium":"","medium_large":"","large":"","1536x1536":"","2048x2048":"","newsium-slider-full":"","newsium-featured":"","newsium-medium":""},"author_info":{"info":["c1500921"]},"category_info":"<a href=\"https:\/\/radiofenix.com.ar\/2023\/category\/politica\/\" rel=\"category tag\">Pol\u00edtica<\/a>","tag_info":"Pol\u00edtica","comment_count":"0","_links":{"self":[{"href":"https:\/\/radiofenix.com.ar\/2023\/wp-json\/wp\/v2\/posts\/159441","targetHints":{"allow":["GET"]}}],"collection":[{"href":"https:\/\/radiofenix.com.ar\/2023\/wp-json\/wp\/v2\/posts"}],"about":[{"href":"https:\/\/radiofenix.com.ar\/2023\/wp-json\/wp\/v2\/types\/post"}],"author":[{"embeddable":true,"href":"https:\/\/radiofenix.com.ar\/2023\/wp-json\/wp\/v2\/users\/2"}],"replies":[{"embeddable":true,"href":"https:\/\/radiofenix.com.ar\/2023\/wp-json\/wp\/v2\/comments?post=159441"}],"version-history":[{"count":0,"href":"https:\/\/radiofenix.com.ar\/2023\/wp-json\/wp\/v2\/posts\/159441\/revisions"}],"wp:featuredmedia":[{"embeddable":true,"href":"https:\/\/radiofenix.com.ar\/2023\/wp-json\/"}],"wp:attachment":[{"href":"https:\/\/radiofenix.com.ar\/2023\/wp-json\/wp\/v2\/media?parent=159441"}],"wp:term":[{"taxonomy":"category","embeddable":true,"href":"https:\/\/radiofenix.com.ar\/2023\/wp-json\/wp\/v2\/categories?post=159441"},{"taxonomy":"post_tag","embeddable":true,"href":"https:\/\/radiofenix.com.ar\/2023\/wp-json\/wp\/v2\/tags?post=159441"}],"curies":[{"name":"wp","href":"https:\/\/api.w.org\/{rel}","templated":true}]}}