{"id":159447,"date":"2023-01-17T20:10:00","date_gmt":"2023-01-17T20:10:00","guid":{"rendered":"http:\/\/radiofenix.com.ar\/neme-y-jalil-definieron-con-la-fao-proyectos-vinculados-a-las-zonas-de-riego\/"},"modified":"2023-01-17T20:10:00","modified_gmt":"2023-01-17T20:10:00","slug":"neme-y-jalil-definieron-con-la-fao-proyectos-vinculados-a-las-zonas-de-riego","status":"publish","type":"post","link":"https:\/\/radiofenix.com.ar\/2023\/neme-y-jalil-definieron-con-la-fao-proyectos-vinculados-a-las-zonas-de-riego\/","title":{"rendered":"Neme y Jalil definieron con la FAO proyectos vinculados a las zonas de riego"},"content":{"rendered":"<p>El secretario de Planificaci\u00f3n del Desarrollo del Ministerio de Econom\u00eda\u00a0y el Gobernador de Catamarca avanzaron en Italia sobre las iniciativas de ampliaci\u00f3n de las hect\u00e1reas irrigadas de los sistemas productivos argentinos, y en un convenio de cooperaci\u00f3n t\u00e9cnico y econ\u00f3mico con la Provincia.<\/p>\n","protected":false},"excerpt":{"rendered":"<p>El secretario de Planificaci\u00f3n del Desarrollo del Ministerio de Econom\u00eda\u00a0y el Gobernador de Catamarca avanzaron&#8230;<\/p>\n","protected":false},"author":2,"featured_media":159448,"comment_status":"open","ping_status":"open","sticky":false,"template":"","format":"standard","meta":{"footnotes":""},"categories":[5],"tags":[],"class_list":["post-159447","post","type-post","status-publish","format-standard","has-post-thumbnail","hentry","category-economia"],"featured_image_urls":{"full":"","thumbnail":"","medium":"","medium_large":"","large":"","1536x1536":"","2048x2048":"","newsium-slider-full":"","newsium-featured":"","newsium-medium":""},"author_info":{"info":["c1500921"]},"category_info":"<a href=\"https:\/\/radiofenix.com.ar\/2023\/category\/economia\/\" rel=\"category tag\">Economia<\/a>","tag_info":"Economia","comment_count":"0","_links":{"self":[{"href":"https:\/\/radiofenix.com.ar\/2023\/wp-json\/wp\/v2\/posts\/159447","targetHints":{"allow":["GET"]}}],"collection":[{"href":"https:\/\/radiofenix.com.ar\/2023\/wp-json\/wp\/v2\/posts"}],"about":[{"href":"https:\/\/radiofenix.com.ar\/2023\/wp-json\/wp\/v2\/types\/post"}],"author":[{"embeddable":true,"href":"https:\/\/radiofenix.com.ar\/2023\/wp-json\/wp\/v2\/users\/2"}],"replies":[{"embeddable":true,"href":"https:\/\/radiofenix.com.ar\/2023\/wp-json\/wp\/v2\/comments?post=159447"}],"version-history":[{"count":0,"href":"https:\/\/radiofenix.com.ar\/2023\/wp-json\/wp\/v2\/posts\/159447\/revisions"}],"wp:featuredmedia":[{"embeddable":true,"href":"https:\/\/radiofenix.com.ar\/2023\/wp-json\/"}],"wp:attachment":[{"href":"https:\/\/radiofenix.com.ar\/2023\/wp-json\/wp\/v2\/media?parent=159447"}],"wp:term":[{"taxonomy":"category","embeddable":true,"href":"https:\/\/radiofenix.com.ar\/2023\/wp-json\/wp\/v2\/categories?post=159447"},{"taxonomy":"post_tag","embeddable":true,"href":"https:\/\/radiofenix.com.ar\/2023\/wp-json\/wp\/v2\/tags?post=159447"}],"curies":[{"name":"wp","href":"https:\/\/api.w.org\/{rel}","templated":true}]}}