{"id":159457,"date":"2023-01-17T21:34:00","date_gmt":"2023-01-17T21:34:00","guid":{"rendered":"http:\/\/radiofenix.com.ar\/el-cantautor-uruguayo-diego-matturro-proyecta-para-febrero-su-gira-de-verano-por-argentina\/"},"modified":"2023-01-17T21:34:00","modified_gmt":"2023-01-17T21:34:00","slug":"el-cantautor-uruguayo-diego-matturro-proyecta-para-febrero-su-gira-de-verano-por-argentina","status":"publish","type":"post","link":"https:\/\/radiofenix.com.ar\/2023\/el-cantautor-uruguayo-diego-matturro-proyecta-para-febrero-su-gira-de-verano-por-argentina\/","title":{"rendered":"El cantautor uruguayo Diego Matturro proyecta para febrero su gira de verano por Argentina"},"content":{"rendered":"<p>En esta nueva gira interpretar\u00e1 algunas de sus nuevas canciones, editadas en su \u00faltimo disco &amp;ldquo;Conflicto de Intereses&amp;rdquo; y repasar\u00e1 tambi\u00e9n parte del repertorio de su anteriores &amp;ldquo;Amigo Imaginario&amp;rdquo; y &amp;ldquo;Si te digo te miento&amp;rdquo;.En esta nueva gira interpretar\u00e1 algunas de sus nuevas canciones, editadas en su \u00faltimo disco &amp;ldquo;Conflicto de Intereses&amp;rdquo; y repasar\u00e1 tambi\u00e9n parte del repertorio de su anteriores &amp;ldquo;Amigo Imaginario&amp;rdquo; y &amp;ldquo;Si te digo te miento&amp;rdquo;.<\/p>\n","protected":false},"excerpt":{"rendered":"<p>En esta nueva gira interpretar\u00e1 algunas de sus nuevas canciones, editadas en su \u00faltimo disco&#8230;<\/p>\n","protected":false},"author":2,"featured_media":159458,"comment_status":"open","ping_status":"open","sticky":false,"template":"","format":"standard","meta":{"footnotes":""},"categories":[4],"tags":[],"class_list":["post-159457","post","type-post","status-publish","format-standard","has-post-thumbnail","hentry","category-espectaculos"],"featured_image_urls":{"full":"","thumbnail":"","medium":"","medium_large":"","large":"","1536x1536":"","2048x2048":"","newsium-slider-full":"","newsium-featured":"","newsium-medium":""},"author_info":{"info":["c1500921"]},"category_info":"<a href=\"https:\/\/radiofenix.com.ar\/2023\/category\/espectaculos\/\" rel=\"category tag\">Espectaculos<\/a>","tag_info":"Espectaculos","comment_count":"0","_links":{"self":[{"href":"https:\/\/radiofenix.com.ar\/2023\/wp-json\/wp\/v2\/posts\/159457","targetHints":{"allow":["GET"]}}],"collection":[{"href":"https:\/\/radiofenix.com.ar\/2023\/wp-json\/wp\/v2\/posts"}],"about":[{"href":"https:\/\/radiofenix.com.ar\/2023\/wp-json\/wp\/v2\/types\/post"}],"author":[{"embeddable":true,"href":"https:\/\/radiofenix.com.ar\/2023\/wp-json\/wp\/v2\/users\/2"}],"replies":[{"embeddable":true,"href":"https:\/\/radiofenix.com.ar\/2023\/wp-json\/wp\/v2\/comments?post=159457"}],"version-history":[{"count":0,"href":"https:\/\/radiofenix.com.ar\/2023\/wp-json\/wp\/v2\/posts\/159457\/revisions"}],"wp:featuredmedia":[{"embeddable":true,"href":"https:\/\/radiofenix.com.ar\/2023\/wp-json\/"}],"wp:attachment":[{"href":"https:\/\/radiofenix.com.ar\/2023\/wp-json\/wp\/v2\/media?parent=159457"}],"wp:term":[{"taxonomy":"category","embeddable":true,"href":"https:\/\/radiofenix.com.ar\/2023\/wp-json\/wp\/v2\/categories?post=159457"},{"taxonomy":"post_tag","embeddable":true,"href":"https:\/\/radiofenix.com.ar\/2023\/wp-json\/wp\/v2\/tags?post=159457"}],"curies":[{"name":"wp","href":"https:\/\/api.w.org\/{rel}","templated":true}]}}