{"id":159463,"date":"2023-01-17T23:04:19","date_gmt":"2023-01-17T23:04:19","guid":{"rendered":"http:\/\/radiofenix.com.ar\/a-40-anos-de-la-muerte-de-illia-figura-comprometida-con-la-institucionalidad-democratica\/"},"modified":"2023-01-17T23:04:19","modified_gmt":"2023-01-17T23:04:19","slug":"a-40-anos-de-la-muerte-de-illia-figura-comprometida-con-la-institucionalidad-democratica","status":"publish","type":"post","link":"https:\/\/radiofenix.com.ar\/2023\/a-40-anos-de-la-muerte-de-illia-figura-comprometida-con-la-institucionalidad-democratica\/","title":{"rendered":"A 40 a\u00f1os de la muerte de Illia, figura comprometida con la institucionalidad democr\u00e1tica"},"content":{"rendered":"<p>Fue presidente de la Argentina desde el 12 de octubre de 1963, pero tras medidas como el precio m\u00e1ximo para los medicamentos y la negativa a enviar tropas a la intrusi\u00f3n de los Estados Unidos a Rep\u00fablica Dpominicana fue derrocado por un golpe militar.\u00a0Fue presidente de la Argentina desde el 12 de octubre de 1963, pero tras medidas como el precio m\u00e1ximo para los medicamentos y la negativa a enviar tropas a la intrusi\u00f3n de los Estados Unidos a Rep\u00fablica Dpominicana fue derrocado por un golpe militar.\u00a0<\/p>\n","protected":false},"excerpt":{"rendered":"<p>Fue presidente de la Argentina desde el 12 de octubre de 1963, pero tras medidas&#8230;<\/p>\n","protected":false},"author":2,"featured_media":159464,"comment_status":"open","ping_status":"open","sticky":false,"template":"","format":"standard","meta":{"footnotes":""},"categories":[2],"tags":[],"class_list":["post-159463","post","type-post","status-publish","format-standard","has-post-thumbnail","hentry","category-politica"],"featured_image_urls":{"full":"","thumbnail":"","medium":"","medium_large":"","large":"","1536x1536":"","2048x2048":"","newsium-slider-full":"","newsium-featured":"","newsium-medium":""},"author_info":{"info":["c1500921"]},"category_info":"<a href=\"https:\/\/radiofenix.com.ar\/2023\/category\/politica\/\" rel=\"category tag\">Pol\u00edtica<\/a>","tag_info":"Pol\u00edtica","comment_count":"0","_links":{"self":[{"href":"https:\/\/radiofenix.com.ar\/2023\/wp-json\/wp\/v2\/posts\/159463","targetHints":{"allow":["GET"]}}],"collection":[{"href":"https:\/\/radiofenix.com.ar\/2023\/wp-json\/wp\/v2\/posts"}],"about":[{"href":"https:\/\/radiofenix.com.ar\/2023\/wp-json\/wp\/v2\/types\/post"}],"author":[{"embeddable":true,"href":"https:\/\/radiofenix.com.ar\/2023\/wp-json\/wp\/v2\/users\/2"}],"replies":[{"embeddable":true,"href":"https:\/\/radiofenix.com.ar\/2023\/wp-json\/wp\/v2\/comments?post=159463"}],"version-history":[{"count":0,"href":"https:\/\/radiofenix.com.ar\/2023\/wp-json\/wp\/v2\/posts\/159463\/revisions"}],"wp:featuredmedia":[{"embeddable":true,"href":"https:\/\/radiofenix.com.ar\/2023\/wp-json\/"}],"wp:attachment":[{"href":"https:\/\/radiofenix.com.ar\/2023\/wp-json\/wp\/v2\/media?parent=159463"}],"wp:term":[{"taxonomy":"category","embeddable":true,"href":"https:\/\/radiofenix.com.ar\/2023\/wp-json\/wp\/v2\/categories?post=159463"},{"taxonomy":"post_tag","embeddable":true,"href":"https:\/\/radiofenix.com.ar\/2023\/wp-json\/wp\/v2\/tags?post=159463"}],"curies":[{"name":"wp","href":"https:\/\/api.w.org\/{rel}","templated":true}]}}