{"id":159483,"date":"2023-01-18T03:04:00","date_gmt":"2023-01-18T03:04:00","guid":{"rendered":"http:\/\/radiofenix.com.ar\/alberto-fernandez-inaugura-la-planta-depuradora-de-liquidos-cloacales-en-mendoza\/"},"modified":"2023-01-18T03:04:00","modified_gmt":"2023-01-18T03:04:00","slug":"alberto-fernandez-inaugura-la-planta-depuradora-de-liquidos-cloacales-en-mendoza","status":"publish","type":"post","link":"https:\/\/radiofenix.com.ar\/2023\/alberto-fernandez-inaugura-la-planta-depuradora-de-liquidos-cloacales-en-mendoza\/","title":{"rendered":"Alberto Fern\u00e1ndez inaugura la Planta Depuradora de L\u00edquidos Cloacales en Mendoza"},"content":{"rendered":"<p>El acto ser\u00e1 a las 12 en la localidad de El Paramillo, y el mandatario estar\u00e1 acompa\u00f1ado por el ministro de Obras P\u00fablicas, Gabriel Katopodis.El acto ser\u00e1 a las 12 en la localidad de El Paramillo, y el mandatario estar\u00e1 acompa\u00f1ado por el ministro de Obras P\u00fablicas, Gabriel Katopodis.<\/p>\n","protected":false},"excerpt":{"rendered":"<p>El acto ser\u00e1 a las 12 en la localidad de El Paramillo, y el mandatario&#8230;<\/p>\n","protected":false},"author":2,"featured_media":159484,"comment_status":"open","ping_status":"open","sticky":false,"template":"","format":"standard","meta":{"footnotes":""},"categories":[2],"tags":[],"class_list":["post-159483","post","type-post","status-publish","format-standard","has-post-thumbnail","hentry","category-politica"],"featured_image_urls":{"full":"","thumbnail":"","medium":"","medium_large":"","large":"","1536x1536":"","2048x2048":"","newsium-slider-full":"","newsium-featured":"","newsium-medium":""},"author_info":{"info":["c1500921"]},"category_info":"<a href=\"https:\/\/radiofenix.com.ar\/2023\/category\/politica\/\" rel=\"category tag\">Pol\u00edtica<\/a>","tag_info":"Pol\u00edtica","comment_count":"0","_links":{"self":[{"href":"https:\/\/radiofenix.com.ar\/2023\/wp-json\/wp\/v2\/posts\/159483","targetHints":{"allow":["GET"]}}],"collection":[{"href":"https:\/\/radiofenix.com.ar\/2023\/wp-json\/wp\/v2\/posts"}],"about":[{"href":"https:\/\/radiofenix.com.ar\/2023\/wp-json\/wp\/v2\/types\/post"}],"author":[{"embeddable":true,"href":"https:\/\/radiofenix.com.ar\/2023\/wp-json\/wp\/v2\/users\/2"}],"replies":[{"embeddable":true,"href":"https:\/\/radiofenix.com.ar\/2023\/wp-json\/wp\/v2\/comments?post=159483"}],"version-history":[{"count":0,"href":"https:\/\/radiofenix.com.ar\/2023\/wp-json\/wp\/v2\/posts\/159483\/revisions"}],"wp:featuredmedia":[{"embeddable":true,"href":"https:\/\/radiofenix.com.ar\/2023\/wp-json\/"}],"wp:attachment":[{"href":"https:\/\/radiofenix.com.ar\/2023\/wp-json\/wp\/v2\/media?parent=159483"}],"wp:term":[{"taxonomy":"category","embeddable":true,"href":"https:\/\/radiofenix.com.ar\/2023\/wp-json\/wp\/v2\/categories?post=159483"},{"taxonomy":"post_tag","embeddable":true,"href":"https:\/\/radiofenix.com.ar\/2023\/wp-json\/wp\/v2\/tags?post=159483"}],"curies":[{"name":"wp","href":"https:\/\/api.w.org\/{rel}","templated":true}]}}