{"id":159495,"date":"2023-01-18T12:40:00","date_gmt":"2023-01-18T12:40:00","guid":{"rendered":"http:\/\/radiofenix.com.ar\/el-pianista-italiano-ludovico-einaudi-actuara-en-marzo-en-el-gran-rex\/"},"modified":"2023-01-18T12:40:00","modified_gmt":"2023-01-18T12:40:00","slug":"el-pianista-italiano-ludovico-einaudi-actuara-en-marzo-en-el-gran-rex","status":"publish","type":"post","link":"https:\/\/radiofenix.com.ar\/2023\/el-pianista-italiano-ludovico-einaudi-actuara-en-marzo-en-el-gran-rex\/","title":{"rendered":"El pianista italiano Ludovico Einaudi actuar\u00e1 en marzo en el Gran Rex"},"content":{"rendered":"<p>El artista, que se presentar\u00e1 el 25 de marzo en el teatro Gran Rex, llegar\u00e1 luego de su intervenci\u00f3n en las exitosas bandas sonoras de las pel\u00edcula \u00abNomadland\u00bb y \u00abEl padre\u00bb, ambas de 2020, y de la publicaci\u00f3n de \u00abUnderwater\u00bb.El artista, que se presentar\u00e1 el 25 de marzo en el teatro Gran Rex, llegar\u00e1 luego de su intervenci\u00f3n en las exitosas bandas sonoras de las pel\u00edcula \u00abNomadland\u00bb y \u00abEl padre\u00bb, ambas de 2020, y de la publicaci\u00f3n de \u00abUnderwater\u00bb.<\/p>\n","protected":false},"excerpt":{"rendered":"<p>El artista, que se presentar\u00e1 el 25 de marzo en el teatro Gran Rex, llegar\u00e1&#8230;<\/p>\n","protected":false},"author":2,"featured_media":159496,"comment_status":"open","ping_status":"open","sticky":false,"template":"","format":"standard","meta":{"footnotes":""},"categories":[4],"tags":[],"class_list":["post-159495","post","type-post","status-publish","format-standard","has-post-thumbnail","hentry","category-espectaculos"],"featured_image_urls":{"full":"","thumbnail":"","medium":"","medium_large":"","large":"","1536x1536":"","2048x2048":"","newsium-slider-full":"","newsium-featured":"","newsium-medium":""},"author_info":{"info":["c1500921"]},"category_info":"<a href=\"https:\/\/radiofenix.com.ar\/2023\/category\/espectaculos\/\" rel=\"category tag\">Espectaculos<\/a>","tag_info":"Espectaculos","comment_count":"0","_links":{"self":[{"href":"https:\/\/radiofenix.com.ar\/2023\/wp-json\/wp\/v2\/posts\/159495","targetHints":{"allow":["GET"]}}],"collection":[{"href":"https:\/\/radiofenix.com.ar\/2023\/wp-json\/wp\/v2\/posts"}],"about":[{"href":"https:\/\/radiofenix.com.ar\/2023\/wp-json\/wp\/v2\/types\/post"}],"author":[{"embeddable":true,"href":"https:\/\/radiofenix.com.ar\/2023\/wp-json\/wp\/v2\/users\/2"}],"replies":[{"embeddable":true,"href":"https:\/\/radiofenix.com.ar\/2023\/wp-json\/wp\/v2\/comments?post=159495"}],"version-history":[{"count":0,"href":"https:\/\/radiofenix.com.ar\/2023\/wp-json\/wp\/v2\/posts\/159495\/revisions"}],"wp:featuredmedia":[{"embeddable":true,"href":"https:\/\/radiofenix.com.ar\/2023\/wp-json\/"}],"wp:attachment":[{"href":"https:\/\/radiofenix.com.ar\/2023\/wp-json\/wp\/v2\/media?parent=159495"}],"wp:term":[{"taxonomy":"category","embeddable":true,"href":"https:\/\/radiofenix.com.ar\/2023\/wp-json\/wp\/v2\/categories?post=159495"},{"taxonomy":"post_tag","embeddable":true,"href":"https:\/\/radiofenix.com.ar\/2023\/wp-json\/wp\/v2\/tags?post=159495"}],"curies":[{"name":"wp","href":"https:\/\/api.w.org\/{rel}","templated":true}]}}