{"id":159507,"date":"2023-01-18T15:04:01","date_gmt":"2023-01-18T15:04:01","guid":{"rendered":"http:\/\/radiofenix.com.ar\/ana-castellani-afirmo-que-el-estado-debe-establecer-metas\/"},"modified":"2023-01-18T15:04:01","modified_gmt":"2023-01-18T15:04:01","slug":"ana-castellani-afirmo-que-el-estado-debe-establecer-metas","status":"publish","type":"post","link":"https:\/\/radiofenix.com.ar\/2023\/ana-castellani-afirmo-que-el-estado-debe-establecer-metas\/","title":{"rendered":"Ana Castellani afirm\u00f3 que \u00abel Estado debe establecer metas\u00bb"},"content":{"rendered":"<p>\u00abEs\u00a0fundamental que Am\u00e9rica latina trabaje a nivel regional en la mejora del proceso de planificaci\u00f3n de pol\u00edticas p\u00fablicas\u00bb, dijo la secretaria de Gesti\u00f3n y Empleo P\u00fablico.\u00a0\u00abEs\u00a0fundamental que Am\u00e9rica latina trabaje a nivel regional en la mejora del proceso de planificaci\u00f3n de pol\u00edticas p\u00fablicas\u00bb, dijo la secretaria de Gesti\u00f3n y Empleo P\u00fablico.\u00a0<\/p>\n","protected":false},"excerpt":{"rendered":"<p>\u00abEs\u00a0fundamental que Am\u00e9rica latina trabaje a nivel regional en la mejora del proceso de planificaci\u00f3n&#8230;<\/p>\n","protected":false},"author":2,"featured_media":159508,"comment_status":"open","ping_status":"open","sticky":false,"template":"","format":"standard","meta":{"footnotes":""},"categories":[2],"tags":[],"class_list":["post-159507","post","type-post","status-publish","format-standard","has-post-thumbnail","hentry","category-politica"],"featured_image_urls":{"full":"","thumbnail":"","medium":"","medium_large":"","large":"","1536x1536":"","2048x2048":"","newsium-slider-full":"","newsium-featured":"","newsium-medium":""},"author_info":{"info":["c1500921"]},"category_info":"<a href=\"https:\/\/radiofenix.com.ar\/2023\/category\/politica\/\" rel=\"category tag\">Pol\u00edtica<\/a>","tag_info":"Pol\u00edtica","comment_count":"0","_links":{"self":[{"href":"https:\/\/radiofenix.com.ar\/2023\/wp-json\/wp\/v2\/posts\/159507","targetHints":{"allow":["GET"]}}],"collection":[{"href":"https:\/\/radiofenix.com.ar\/2023\/wp-json\/wp\/v2\/posts"}],"about":[{"href":"https:\/\/radiofenix.com.ar\/2023\/wp-json\/wp\/v2\/types\/post"}],"author":[{"embeddable":true,"href":"https:\/\/radiofenix.com.ar\/2023\/wp-json\/wp\/v2\/users\/2"}],"replies":[{"embeddable":true,"href":"https:\/\/radiofenix.com.ar\/2023\/wp-json\/wp\/v2\/comments?post=159507"}],"version-history":[{"count":0,"href":"https:\/\/radiofenix.com.ar\/2023\/wp-json\/wp\/v2\/posts\/159507\/revisions"}],"wp:featuredmedia":[{"embeddable":true,"href":"https:\/\/radiofenix.com.ar\/2023\/wp-json\/"}],"wp:attachment":[{"href":"https:\/\/radiofenix.com.ar\/2023\/wp-json\/wp\/v2\/media?parent=159507"}],"wp:term":[{"taxonomy":"category","embeddable":true,"href":"https:\/\/radiofenix.com.ar\/2023\/wp-json\/wp\/v2\/categories?post=159507"},{"taxonomy":"post_tag","embeddable":true,"href":"https:\/\/radiofenix.com.ar\/2023\/wp-json\/wp\/v2\/tags?post=159507"}],"curies":[{"name":"wp","href":"https:\/\/api.w.org\/{rel}","templated":true}]}}