{"id":159535,"date":"2023-01-18T15:05:00","date_gmt":"2023-01-18T15:05:00","guid":{"rendered":"http:\/\/radiofenix.com.ar\/dan-por-perdida-la-cosecha-de-maiz-de-primera-en-el-centro-y-norte-de-santa-fe-2\/"},"modified":"2023-01-18T15:05:00","modified_gmt":"2023-01-18T15:05:00","slug":"dan-por-perdida-la-cosecha-de-maiz-de-primera-en-el-centro-y-norte-de-santa-fe-2","status":"publish","type":"post","link":"https:\/\/radiofenix.com.ar\/2023\/dan-por-perdida-la-cosecha-de-maiz-de-primera-en-el-centro-y-norte-de-santa-fe-2\/","title":{"rendered":"Dan por perdida la cosecha de ma\u00edz de primera en el centro y norte de Santa Fe"},"content":{"rendered":"<p>Fueron los m\u00e1s afectados por la ausencia de lluvias y no tienen \u00abposibilidades de recuperaci\u00f3n\u00bb, a\u00fan en caso de concretarse precipitaciones en los pr\u00f3ximos d\u00edas, seg\u00fan el informe semanal que elaboran el Ministerio de la Producci\u00f3n provincial y la Bolsa de Comercio de Santa Fe.<\/p>\n","protected":false},"excerpt":{"rendered":"<p>Fueron los m\u00e1s afectados por la ausencia de lluvias y no tienen \u00abposibilidades de recuperaci\u00f3n\u00bb,&#8230;<\/p>\n","protected":false},"author":2,"featured_media":159536,"comment_status":"open","ping_status":"open","sticky":false,"template":"","format":"standard","meta":{"footnotes":""},"categories":[5],"tags":[],"class_list":["post-159535","post","type-post","status-publish","format-standard","has-post-thumbnail","hentry","category-economia"],"featured_image_urls":{"full":"","thumbnail":"","medium":"","medium_large":"","large":"","1536x1536":"","2048x2048":"","newsium-slider-full":"","newsium-featured":"","newsium-medium":""},"author_info":{"info":["c1500921"]},"category_info":"<a href=\"https:\/\/radiofenix.com.ar\/2023\/category\/economia\/\" rel=\"category tag\">Economia<\/a>","tag_info":"Economia","comment_count":"0","_links":{"self":[{"href":"https:\/\/radiofenix.com.ar\/2023\/wp-json\/wp\/v2\/posts\/159535","targetHints":{"allow":["GET"]}}],"collection":[{"href":"https:\/\/radiofenix.com.ar\/2023\/wp-json\/wp\/v2\/posts"}],"about":[{"href":"https:\/\/radiofenix.com.ar\/2023\/wp-json\/wp\/v2\/types\/post"}],"author":[{"embeddable":true,"href":"https:\/\/radiofenix.com.ar\/2023\/wp-json\/wp\/v2\/users\/2"}],"replies":[{"embeddable":true,"href":"https:\/\/radiofenix.com.ar\/2023\/wp-json\/wp\/v2\/comments?post=159535"}],"version-history":[{"count":0,"href":"https:\/\/radiofenix.com.ar\/2023\/wp-json\/wp\/v2\/posts\/159535\/revisions"}],"wp:featuredmedia":[{"embeddable":true,"href":"https:\/\/radiofenix.com.ar\/2023\/wp-json\/"}],"wp:attachment":[{"href":"https:\/\/radiofenix.com.ar\/2023\/wp-json\/wp\/v2\/media?parent=159535"}],"wp:term":[{"taxonomy":"category","embeddable":true,"href":"https:\/\/radiofenix.com.ar\/2023\/wp-json\/wp\/v2\/categories?post=159535"},{"taxonomy":"post_tag","embeddable":true,"href":"https:\/\/radiofenix.com.ar\/2023\/wp-json\/wp\/v2\/tags?post=159535"}],"curies":[{"name":"wp","href":"https:\/\/api.w.org\/{rel}","templated":true}]}}