{"id":159579,"date":"2023-01-18T22:05:14","date_gmt":"2023-01-18T22:05:14","guid":{"rendered":"http:\/\/radiofenix.com.ar\/el-presidente-aseguro-que-las-obras-del-gobierno-no-tienen-un-sentido-electoralista\/"},"modified":"2023-01-18T22:05:14","modified_gmt":"2023-01-18T22:05:14","slug":"el-presidente-aseguro-que-las-obras-del-gobierno-no-tienen-un-sentido-electoralista","status":"publish","type":"post","link":"https:\/\/radiofenix.com.ar\/2023\/el-presidente-aseguro-que-las-obras-del-gobierno-no-tienen-un-sentido-electoralista\/","title":{"rendered":"El Presidente asegur\u00f3 que las obras del Gobierno \u00abno tienen un sentido electoralista\u00bb"},"content":{"rendered":"<p>Alberto Fern\u00e1ndez inaugur\u00f3 la Planta Depuradora de L\u00edquidos Cloacales en la localidad de El Paramillo, acompa\u00f1ado por el ministro de Obras P\u00fablicas, Gabriel Katopodis.Alberto Fern\u00e1ndez inaugur\u00f3 la Planta Depuradora de L\u00edquidos Cloacales en la localidad de El Paramillo, acompa\u00f1ado por el ministro de Obras P\u00fablicas, Gabriel Katopodis.<\/p>\n","protected":false},"excerpt":{"rendered":"<p>Alberto Fern\u00e1ndez inaugur\u00f3 la Planta Depuradora de L\u00edquidos Cloacales en la localidad de El Paramillo,&#8230;<\/p>\n","protected":false},"author":2,"featured_media":159580,"comment_status":"open","ping_status":"open","sticky":false,"template":"","format":"standard","meta":{"footnotes":""},"categories":[2],"tags":[],"class_list":["post-159579","post","type-post","status-publish","format-standard","has-post-thumbnail","hentry","category-politica"],"featured_image_urls":{"full":"","thumbnail":"","medium":"","medium_large":"","large":"","1536x1536":"","2048x2048":"","newsium-slider-full":"","newsium-featured":"","newsium-medium":""},"author_info":{"info":["c1500921"]},"category_info":"<a href=\"https:\/\/radiofenix.com.ar\/2023\/category\/politica\/\" rel=\"category tag\">Pol\u00edtica<\/a>","tag_info":"Pol\u00edtica","comment_count":"0","_links":{"self":[{"href":"https:\/\/radiofenix.com.ar\/2023\/wp-json\/wp\/v2\/posts\/159579","targetHints":{"allow":["GET"]}}],"collection":[{"href":"https:\/\/radiofenix.com.ar\/2023\/wp-json\/wp\/v2\/posts"}],"about":[{"href":"https:\/\/radiofenix.com.ar\/2023\/wp-json\/wp\/v2\/types\/post"}],"author":[{"embeddable":true,"href":"https:\/\/radiofenix.com.ar\/2023\/wp-json\/wp\/v2\/users\/2"}],"replies":[{"embeddable":true,"href":"https:\/\/radiofenix.com.ar\/2023\/wp-json\/wp\/v2\/comments?post=159579"}],"version-history":[{"count":0,"href":"https:\/\/radiofenix.com.ar\/2023\/wp-json\/wp\/v2\/posts\/159579\/revisions"}],"wp:featuredmedia":[{"embeddable":true,"href":"https:\/\/radiofenix.com.ar\/2023\/wp-json\/"}],"wp:attachment":[{"href":"https:\/\/radiofenix.com.ar\/2023\/wp-json\/wp\/v2\/media?parent=159579"}],"wp:term":[{"taxonomy":"category","embeddable":true,"href":"https:\/\/radiofenix.com.ar\/2023\/wp-json\/wp\/v2\/categories?post=159579"},{"taxonomy":"post_tag","embeddable":true,"href":"https:\/\/radiofenix.com.ar\/2023\/wp-json\/wp\/v2\/tags?post=159579"}],"curies":[{"name":"wp","href":"https:\/\/api.w.org\/{rel}","templated":true}]}}