{"id":159581,"date":"2023-01-18T22:05:15","date_gmt":"2023-01-18T22:05:15","guid":{"rendered":"http:\/\/radiofenix.com.ar\/no-es-un-capricho-del-oficialismo-impulsar-el-juicio-politico-a-la-corte\/"},"modified":"2023-01-18T22:05:15","modified_gmt":"2023-01-18T22:05:15","slug":"no-es-un-capricho-del-oficialismo-impulsar-el-juicio-politico-a-la-corte","status":"publish","type":"post","link":"https:\/\/radiofenix.com.ar\/2023\/no-es-un-capricho-del-oficialismo-impulsar-el-juicio-politico-a-la-corte\/","title":{"rendered":"\u00abNo es un capricho del oficialismo impulsar el juicio pol\u00edtico a la Corte\u00bb"},"content":{"rendered":"<p>El diputado nacional del FdT\u00a0se\u00f1al\u00f3 que \u00abcomo diputados tenemos la obligaci\u00f3n de presentar\u00bb el juicio pol\u00edtico por mal desempe\u00f1o a los integrantes del m\u00e1ximo tribunal porque, dijo, \u00abhay cosas que no podemos naturalizar\u00bb.El diputado nacional del FdT\u00a0se\u00f1al\u00f3 que \u00abcomo diputados tenemos la obligaci\u00f3n de presentar\u00bb el juicio pol\u00edtico por mal desempe\u00f1o a los integrantes del m\u00e1ximo tribunal porque, dijo, \u00abhay cosas que no podemos naturalizar\u00bb.<\/p>\n","protected":false},"excerpt":{"rendered":"<p>El diputado nacional del FdT\u00a0se\u00f1al\u00f3 que \u00abcomo diputados tenemos la obligaci\u00f3n de presentar\u00bb el juicio&#8230;<\/p>\n","protected":false},"author":2,"featured_media":159582,"comment_status":"open","ping_status":"open","sticky":false,"template":"","format":"standard","meta":{"footnotes":""},"categories":[2],"tags":[],"class_list":["post-159581","post","type-post","status-publish","format-standard","has-post-thumbnail","hentry","category-politica"],"featured_image_urls":{"full":"","thumbnail":"","medium":"","medium_large":"","large":"","1536x1536":"","2048x2048":"","newsium-slider-full":"","newsium-featured":"","newsium-medium":""},"author_info":{"info":["c1500921"]},"category_info":"<a href=\"https:\/\/radiofenix.com.ar\/2023\/category\/politica\/\" rel=\"category tag\">Pol\u00edtica<\/a>","tag_info":"Pol\u00edtica","comment_count":"0","_links":{"self":[{"href":"https:\/\/radiofenix.com.ar\/2023\/wp-json\/wp\/v2\/posts\/159581","targetHints":{"allow":["GET"]}}],"collection":[{"href":"https:\/\/radiofenix.com.ar\/2023\/wp-json\/wp\/v2\/posts"}],"about":[{"href":"https:\/\/radiofenix.com.ar\/2023\/wp-json\/wp\/v2\/types\/post"}],"author":[{"embeddable":true,"href":"https:\/\/radiofenix.com.ar\/2023\/wp-json\/wp\/v2\/users\/2"}],"replies":[{"embeddable":true,"href":"https:\/\/radiofenix.com.ar\/2023\/wp-json\/wp\/v2\/comments?post=159581"}],"version-history":[{"count":0,"href":"https:\/\/radiofenix.com.ar\/2023\/wp-json\/wp\/v2\/posts\/159581\/revisions"}],"wp:featuredmedia":[{"embeddable":true,"href":"https:\/\/radiofenix.com.ar\/2023\/wp-json\/"}],"wp:attachment":[{"href":"https:\/\/radiofenix.com.ar\/2023\/wp-json\/wp\/v2\/media?parent=159581"}],"wp:term":[{"taxonomy":"category","embeddable":true,"href":"https:\/\/radiofenix.com.ar\/2023\/wp-json\/wp\/v2\/categories?post=159581"},{"taxonomy":"post_tag","embeddable":true,"href":"https:\/\/radiofenix.com.ar\/2023\/wp-json\/wp\/v2\/tags?post=159581"}],"curies":[{"name":"wp","href":"https:\/\/api.w.org\/{rel}","templated":true}]}}