{"id":159629,"date":"2023-01-19T12:30:00","date_gmt":"2023-01-19T12:30:00","guid":{"rendered":"http:\/\/radiofenix.com.ar\/declararon-desaparecido-al-actor-julian-sands-en-las-montanas-de-los-angeles\/"},"modified":"2023-01-19T12:30:00","modified_gmt":"2023-01-19T12:30:00","slug":"declararon-desaparecido-al-actor-julian-sands-en-las-montanas-de-los-angeles","status":"publish","type":"post","link":"https:\/\/radiofenix.com.ar\/2023\/declararon-desaparecido-al-actor-julian-sands-en-las-montanas-de-los-angeles\/","title":{"rendered":"Declararon desaparecido al actor Julian Sands en las monta\u00f1as de Los \u00c1ngeles"},"content":{"rendered":"<p>El rastro del brit\u00e1nico\u00a0se perdi\u00f3 el viernes pasado en el \u00e1rea de senderismo de Baldy Bowl y\u00a0fue declarado desaparecido por las polic\u00eda, tras varias horas de b\u00fasqueda.El rastro del brit\u00e1nico\u00a0se perdi\u00f3 el viernes pasado en el \u00e1rea de senderismo de Baldy Bowl y\u00a0fue declarado desaparecido por las polic\u00eda, tras varias horas de b\u00fasqueda.<\/p>\n","protected":false},"excerpt":{"rendered":"<p>El rastro del brit\u00e1nico\u00a0se perdi\u00f3 el viernes pasado en el \u00e1rea de senderismo de Baldy&#8230;<\/p>\n","protected":false},"author":2,"featured_media":159630,"comment_status":"open","ping_status":"open","sticky":false,"template":"","format":"standard","meta":{"footnotes":""},"categories":[4],"tags":[],"class_list":["post-159629","post","type-post","status-publish","format-standard","has-post-thumbnail","hentry","category-espectaculos"],"featured_image_urls":{"full":"","thumbnail":"","medium":"","medium_large":"","large":"","1536x1536":"","2048x2048":"","newsium-slider-full":"","newsium-featured":"","newsium-medium":""},"author_info":{"info":["c1500921"]},"category_info":"<a href=\"https:\/\/radiofenix.com.ar\/2023\/category\/espectaculos\/\" rel=\"category tag\">Espectaculos<\/a>","tag_info":"Espectaculos","comment_count":"0","_links":{"self":[{"href":"https:\/\/radiofenix.com.ar\/2023\/wp-json\/wp\/v2\/posts\/159629","targetHints":{"allow":["GET"]}}],"collection":[{"href":"https:\/\/radiofenix.com.ar\/2023\/wp-json\/wp\/v2\/posts"}],"about":[{"href":"https:\/\/radiofenix.com.ar\/2023\/wp-json\/wp\/v2\/types\/post"}],"author":[{"embeddable":true,"href":"https:\/\/radiofenix.com.ar\/2023\/wp-json\/wp\/v2\/users\/2"}],"replies":[{"embeddable":true,"href":"https:\/\/radiofenix.com.ar\/2023\/wp-json\/wp\/v2\/comments?post=159629"}],"version-history":[{"count":0,"href":"https:\/\/radiofenix.com.ar\/2023\/wp-json\/wp\/v2\/posts\/159629\/revisions"}],"wp:featuredmedia":[{"embeddable":true,"href":"https:\/\/radiofenix.com.ar\/2023\/wp-json\/"}],"wp:attachment":[{"href":"https:\/\/radiofenix.com.ar\/2023\/wp-json\/wp\/v2\/media?parent=159629"}],"wp:term":[{"taxonomy":"category","embeddable":true,"href":"https:\/\/radiofenix.com.ar\/2023\/wp-json\/wp\/v2\/categories?post=159629"},{"taxonomy":"post_tag","embeddable":true,"href":"https:\/\/radiofenix.com.ar\/2023\/wp-json\/wp\/v2\/tags?post=159629"}],"curies":[{"name":"wp","href":"https:\/\/api.w.org\/{rel}","templated":true}]}}