{"id":159631,"date":"2023-01-19T13:04:03","date_gmt":"2023-01-19T13:04:03","guid":{"rendered":"http:\/\/radiofenix.com.ar\/taiana-despide-a-los-cascos-azules-que-viajan-a-mision-de-paz-de-onu-en-chipre\/"},"modified":"2023-01-19T13:04:03","modified_gmt":"2023-01-19T13:04:03","slug":"taiana-despide-a-los-cascos-azules-que-viajan-a-mision-de-paz-de-onu-en-chipre","status":"publish","type":"post","link":"https:\/\/radiofenix.com.ar\/2023\/taiana-despide-a-los-cascos-azules-que-viajan-a-mision-de-paz-de-onu-en-chipre\/","title":{"rendered":"Taiana despide a los Cascos Azules que viajan a misi\u00f3n de paz de ONU en Chipre"},"content":{"rendered":"<p>El contingente viajar\u00e1 para cumplir con la misi\u00f3n de paz de la Organizaci\u00f3n de las Naciones Unidas en esa isla del Mediterr\u00e1neo.El contingente viajar\u00e1 para cumplir con la misi\u00f3n de paz de la Organizaci\u00f3n de las Naciones Unidas en esa isla del Mediterr\u00e1neo.<\/p>\n","protected":false},"excerpt":{"rendered":"<p>El contingente viajar\u00e1 para cumplir con la misi\u00f3n de paz de la Organizaci\u00f3n de las&#8230;<\/p>\n","protected":false},"author":2,"featured_media":159632,"comment_status":"open","ping_status":"open","sticky":false,"template":"","format":"standard","meta":{"footnotes":""},"categories":[2],"tags":[],"class_list":["post-159631","post","type-post","status-publish","format-standard","has-post-thumbnail","hentry","category-politica"],"featured_image_urls":{"full":"","thumbnail":"","medium":"","medium_large":"","large":"","1536x1536":"","2048x2048":"","newsium-slider-full":"","newsium-featured":"","newsium-medium":""},"author_info":{"info":["c1500921"]},"category_info":"<a href=\"https:\/\/radiofenix.com.ar\/2023\/category\/politica\/\" rel=\"category tag\">Pol\u00edtica<\/a>","tag_info":"Pol\u00edtica","comment_count":"0","_links":{"self":[{"href":"https:\/\/radiofenix.com.ar\/2023\/wp-json\/wp\/v2\/posts\/159631","targetHints":{"allow":["GET"]}}],"collection":[{"href":"https:\/\/radiofenix.com.ar\/2023\/wp-json\/wp\/v2\/posts"}],"about":[{"href":"https:\/\/radiofenix.com.ar\/2023\/wp-json\/wp\/v2\/types\/post"}],"author":[{"embeddable":true,"href":"https:\/\/radiofenix.com.ar\/2023\/wp-json\/wp\/v2\/users\/2"}],"replies":[{"embeddable":true,"href":"https:\/\/radiofenix.com.ar\/2023\/wp-json\/wp\/v2\/comments?post=159631"}],"version-history":[{"count":0,"href":"https:\/\/radiofenix.com.ar\/2023\/wp-json\/wp\/v2\/posts\/159631\/revisions"}],"wp:featuredmedia":[{"embeddable":true,"href":"https:\/\/radiofenix.com.ar\/2023\/wp-json\/"}],"wp:attachment":[{"href":"https:\/\/radiofenix.com.ar\/2023\/wp-json\/wp\/v2\/media?parent=159631"}],"wp:term":[{"taxonomy":"category","embeddable":true,"href":"https:\/\/radiofenix.com.ar\/2023\/wp-json\/wp\/v2\/categories?post=159631"},{"taxonomy":"post_tag","embeddable":true,"href":"https:\/\/radiofenix.com.ar\/2023\/wp-json\/wp\/v2\/tags?post=159631"}],"curies":[{"name":"wp","href":"https:\/\/api.w.org\/{rel}","templated":true}]}}