{"id":159657,"date":"2023-01-19T15:04:27","date_gmt":"2023-01-19T15:04:27","guid":{"rendered":"http:\/\/radiofenix.com.ar\/scioli-aseguro-que-la-visita-de-lula-a-la-argentina-genera-una-enorme-expectativa\/"},"modified":"2023-01-19T15:04:27","modified_gmt":"2023-01-19T15:04:27","slug":"scioli-aseguro-que-la-visita-de-lula-a-la-argentina-genera-una-enorme-expectativa","status":"publish","type":"post","link":"https:\/\/radiofenix.com.ar\/2023\/scioli-aseguro-que-la-visita-de-lula-a-la-argentina-genera-una-enorme-expectativa\/","title":{"rendered":"Scioli asegur\u00f3 que la visita de Lula a la Argentina genera \u00abuna enorme expectativa\u00bb"},"content":{"rendered":"<p>El presidente brasile\u00f1o vendr\u00e1 al pa\u00eds para participar de la cumbre de la Celac, que comienza el pr\u00f3ximo lunes. &amp;ldquo;Es un gran acontecimiento\u00bb, agreg\u00f3 al respecto el embajador argentino en di\u00e1logo con T\u00e9lam Radio.El presidente brasile\u00f1o vendr\u00e1 al pa\u00eds para participar de la cumbre de la Celac, que comienza el pr\u00f3ximo lunes. &amp;ldquo;Es un gran acontecimiento\u00bb, agreg\u00f3 al respecto el embajador argentino en di\u00e1logo con T\u00e9lam Radio.<\/p>\n","protected":false},"excerpt":{"rendered":"<p>El presidente brasile\u00f1o vendr\u00e1 al pa\u00eds para participar de la cumbre de la Celac, que&#8230;<\/p>\n","protected":false},"author":2,"featured_media":159658,"comment_status":"open","ping_status":"open","sticky":false,"template":"","format":"standard","meta":{"footnotes":""},"categories":[2],"tags":[],"class_list":["post-159657","post","type-post","status-publish","format-standard","has-post-thumbnail","hentry","category-politica"],"featured_image_urls":{"full":"","thumbnail":"","medium":"","medium_large":"","large":"","1536x1536":"","2048x2048":"","newsium-slider-full":"","newsium-featured":"","newsium-medium":""},"author_info":{"info":["c1500921"]},"category_info":"<a href=\"https:\/\/radiofenix.com.ar\/2023\/category\/politica\/\" rel=\"category tag\">Pol\u00edtica<\/a>","tag_info":"Pol\u00edtica","comment_count":"0","_links":{"self":[{"href":"https:\/\/radiofenix.com.ar\/2023\/wp-json\/wp\/v2\/posts\/159657","targetHints":{"allow":["GET"]}}],"collection":[{"href":"https:\/\/radiofenix.com.ar\/2023\/wp-json\/wp\/v2\/posts"}],"about":[{"href":"https:\/\/radiofenix.com.ar\/2023\/wp-json\/wp\/v2\/types\/post"}],"author":[{"embeddable":true,"href":"https:\/\/radiofenix.com.ar\/2023\/wp-json\/wp\/v2\/users\/2"}],"replies":[{"embeddable":true,"href":"https:\/\/radiofenix.com.ar\/2023\/wp-json\/wp\/v2\/comments?post=159657"}],"version-history":[{"count":0,"href":"https:\/\/radiofenix.com.ar\/2023\/wp-json\/wp\/v2\/posts\/159657\/revisions"}],"wp:featuredmedia":[{"embeddable":true,"href":"https:\/\/radiofenix.com.ar\/2023\/wp-json\/"}],"wp:attachment":[{"href":"https:\/\/radiofenix.com.ar\/2023\/wp-json\/wp\/v2\/media?parent=159657"}],"wp:term":[{"taxonomy":"category","embeddable":true,"href":"https:\/\/radiofenix.com.ar\/2023\/wp-json\/wp\/v2\/categories?post=159657"},{"taxonomy":"post_tag","embeddable":true,"href":"https:\/\/radiofenix.com.ar\/2023\/wp-json\/wp\/v2\/tags?post=159657"}],"curies":[{"name":"wp","href":"https:\/\/api.w.org\/{rel}","templated":true}]}}