{"id":159683,"date":"2023-01-19T18:04:26","date_gmt":"2023-01-19T18:04:26","guid":{"rendered":"http:\/\/radiofenix.com.ar\/valdes-afirmo-que-los-diputados-de-jxc-deben-sentarse-a-tratar-las-leyes-pendientes\/"},"modified":"2023-01-19T18:04:26","modified_gmt":"2023-01-19T18:04:26","slug":"valdes-afirmo-que-los-diputados-de-jxc-deben-sentarse-a-tratar-las-leyes-pendientes","status":"publish","type":"post","link":"https:\/\/radiofenix.com.ar\/2023\/valdes-afirmo-que-los-diputados-de-jxc-deben-sentarse-a-tratar-las-leyes-pendientes\/","title":{"rendered":"Vald\u00e9s afirm\u00f3 que los diputados de JxC deben \u00absentarse a tratar\u00bb las leyes pendientes"},"content":{"rendered":"<p>Eduardo Vald\u00e9s, el diputado del FDT que llevar\u00e1 la acusaci\u00f3n del proyecto de juicio pol\u00edtico a la Corte Suprema, expres\u00f3 que\u00a0\u00abes incre\u00edble que JxC haya anunciado que participar\u00e1 de los debates en comisi\u00f3n para defender a los ministros de la Corte y se niegue a dar qu\u00f3rum\u00bb en leyes pendientes de tratamiento.Eduardo Vald\u00e9s, el diputado del FDT que llevar\u00e1 la acusaci\u00f3n del proyecto de juicio pol\u00edtico a la Corte Suprema, expres\u00f3 que\u00a0\u00abes incre\u00edble que JxC haya anunciado que participar\u00e1 de los debates en comisi\u00f3n para defender a los ministros de la Corte y se niegue a dar qu\u00f3rum\u00bb en leyes pendientes de tratamiento.<\/p>\n","protected":false},"excerpt":{"rendered":"<p>Eduardo Vald\u00e9s, el diputado del FDT que llevar\u00e1 la acusaci\u00f3n del proyecto de juicio pol\u00edtico&#8230;<\/p>\n","protected":false},"author":2,"featured_media":159684,"comment_status":"open","ping_status":"open","sticky":false,"template":"","format":"standard","meta":{"footnotes":""},"categories":[2],"tags":[],"class_list":["post-159683","post","type-post","status-publish","format-standard","has-post-thumbnail","hentry","category-politica"],"featured_image_urls":{"full":"","thumbnail":"","medium":"","medium_large":"","large":"","1536x1536":"","2048x2048":"","newsium-slider-full":"","newsium-featured":"","newsium-medium":""},"author_info":{"info":["c1500921"]},"category_info":"<a href=\"https:\/\/radiofenix.com.ar\/2023\/category\/politica\/\" rel=\"category tag\">Pol\u00edtica<\/a>","tag_info":"Pol\u00edtica","comment_count":"0","_links":{"self":[{"href":"https:\/\/radiofenix.com.ar\/2023\/wp-json\/wp\/v2\/posts\/159683","targetHints":{"allow":["GET"]}}],"collection":[{"href":"https:\/\/radiofenix.com.ar\/2023\/wp-json\/wp\/v2\/posts"}],"about":[{"href":"https:\/\/radiofenix.com.ar\/2023\/wp-json\/wp\/v2\/types\/post"}],"author":[{"embeddable":true,"href":"https:\/\/radiofenix.com.ar\/2023\/wp-json\/wp\/v2\/users\/2"}],"replies":[{"embeddable":true,"href":"https:\/\/radiofenix.com.ar\/2023\/wp-json\/wp\/v2\/comments?post=159683"}],"version-history":[{"count":0,"href":"https:\/\/radiofenix.com.ar\/2023\/wp-json\/wp\/v2\/posts\/159683\/revisions"}],"wp:featuredmedia":[{"embeddable":true,"href":"https:\/\/radiofenix.com.ar\/2023\/wp-json\/"}],"wp:attachment":[{"href":"https:\/\/radiofenix.com.ar\/2023\/wp-json\/wp\/v2\/media?parent=159683"}],"wp:term":[{"taxonomy":"category","embeddable":true,"href":"https:\/\/radiofenix.com.ar\/2023\/wp-json\/wp\/v2\/categories?post=159683"},{"taxonomy":"post_tag","embeddable":true,"href":"https:\/\/radiofenix.com.ar\/2023\/wp-json\/wp\/v2\/tags?post=159683"}],"curies":[{"name":"wp","href":"https:\/\/api.w.org\/{rel}","templated":true}]}}