{"id":159689,"date":"2023-01-19T18:04:27","date_gmt":"2023-01-19T18:04:27","guid":{"rendered":"http:\/\/radiofenix.com.ar\/las-corporaciones-de-base-economica-se-han-apropiado-del-poder-judicial-2\/"},"modified":"2023-01-19T18:04:27","modified_gmt":"2023-01-19T18:04:27","slug":"las-corporaciones-de-base-economica-se-han-apropiado-del-poder-judicial-2","status":"publish","type":"post","link":"https:\/\/radiofenix.com.ar\/2023\/las-corporaciones-de-base-economica-se-han-apropiado-del-poder-judicial-2\/","title":{"rendered":"\u00abLas corporaciones de base econ\u00f3mica se han apropiado del Poder Judicial\u00bb"},"content":{"rendered":"<p>En di\u00e1logo con T\u00e9lam Radio, el\u00a0gobernador de Chaco defendi\u00f3 la iniciativa del Gobierno de promover el juicio pol\u00edticio a la Corte y asegur\u00f3 que\u00a0&amp;ldquo;queda en claro que las corporaciones tienen empleados y esos empleados son los dirigentes de Cambiemos&amp;rdquo;.En di\u00e1logo con T\u00e9lam Radio, el\u00a0gobernador de Chaco defendi\u00f3 la iniciativa del Gobierno de promover el juicio pol\u00edticio a la Corte y asegur\u00f3 que\u00a0&amp;ldquo;queda en claro que las corporaciones tienen empleados y esos empleados son los dirigentes de Cambiemos&amp;rdquo;.<\/p>\n","protected":false},"excerpt":{"rendered":"<p>En di\u00e1logo con T\u00e9lam Radio, el\u00a0gobernador de Chaco defendi\u00f3 la iniciativa del Gobierno de promover&#8230;<\/p>\n","protected":false},"author":2,"featured_media":159690,"comment_status":"open","ping_status":"open","sticky":false,"template":"","format":"standard","meta":{"footnotes":""},"categories":[2],"tags":[],"class_list":["post-159689","post","type-post","status-publish","format-standard","has-post-thumbnail","hentry","category-politica"],"featured_image_urls":{"full":"","thumbnail":"","medium":"","medium_large":"","large":"","1536x1536":"","2048x2048":"","newsium-slider-full":"","newsium-featured":"","newsium-medium":""},"author_info":{"info":["c1500921"]},"category_info":"<a href=\"https:\/\/radiofenix.com.ar\/2023\/category\/politica\/\" rel=\"category tag\">Pol\u00edtica<\/a>","tag_info":"Pol\u00edtica","comment_count":"0","_links":{"self":[{"href":"https:\/\/radiofenix.com.ar\/2023\/wp-json\/wp\/v2\/posts\/159689","targetHints":{"allow":["GET"]}}],"collection":[{"href":"https:\/\/radiofenix.com.ar\/2023\/wp-json\/wp\/v2\/posts"}],"about":[{"href":"https:\/\/radiofenix.com.ar\/2023\/wp-json\/wp\/v2\/types\/post"}],"author":[{"embeddable":true,"href":"https:\/\/radiofenix.com.ar\/2023\/wp-json\/wp\/v2\/users\/2"}],"replies":[{"embeddable":true,"href":"https:\/\/radiofenix.com.ar\/2023\/wp-json\/wp\/v2\/comments?post=159689"}],"version-history":[{"count":0,"href":"https:\/\/radiofenix.com.ar\/2023\/wp-json\/wp\/v2\/posts\/159689\/revisions"}],"wp:featuredmedia":[{"embeddable":true,"href":"https:\/\/radiofenix.com.ar\/2023\/wp-json\/"}],"wp:attachment":[{"href":"https:\/\/radiofenix.com.ar\/2023\/wp-json\/wp\/v2\/media?parent=159689"}],"wp:term":[{"taxonomy":"category","embeddable":true,"href":"https:\/\/radiofenix.com.ar\/2023\/wp-json\/wp\/v2\/categories?post=159689"},{"taxonomy":"post_tag","embeddable":true,"href":"https:\/\/radiofenix.com.ar\/2023\/wp-json\/wp\/v2\/tags?post=159689"}],"curies":[{"name":"wp","href":"https:\/\/api.w.org\/{rel}","templated":true}]}}