{"id":159691,"date":"2023-01-19T18:04:28","date_gmt":"2023-01-19T18:04:28","guid":{"rendered":"http:\/\/radiofenix.com.ar\/kicillof-los-fallos-de-la-corte-son-una-violacion-a-los-otros-poderes-del-estado\/"},"modified":"2023-01-19T18:04:28","modified_gmt":"2023-01-19T18:04:28","slug":"kicillof-los-fallos-de-la-corte-son-una-violacion-a-los-otros-poderes-del-estado","status":"publish","type":"post","link":"https:\/\/radiofenix.com.ar\/2023\/kicillof-los-fallos-de-la-corte-son-una-violacion-a-los-otros-poderes-del-estado\/","title":{"rendered":"Kicillof: los fallos de la Corte son \u00abuna violaci\u00f3n\u00bb a los otros poderes del Estado"},"content":{"rendered":"<p>\u00abA la Corte se le inicia juicio pol\u00edtico por haber violado la divisi\u00f3n de poderes, cosa que hizo de manera obvia, flagrante, e in\u00e9dita en la historia\u00bb, asegur\u00f3 el\u00a0gobernador bonaerense.\u00bbA la Corte se le inicia juicio pol\u00edtico por haber violado la divisi\u00f3n de poderes, cosa que hizo de manera obvia, flagrante, e in\u00e9dita en la historia\u00bb, asegur\u00f3 el\u00a0gobernador bonaerense.<\/p>\n","protected":false},"excerpt":{"rendered":"<p>\u00abA la Corte se le inicia juicio pol\u00edtico por haber violado la divisi\u00f3n de poderes,&#8230;<\/p>\n","protected":false},"author":2,"featured_media":159692,"comment_status":"open","ping_status":"open","sticky":false,"template":"","format":"standard","meta":{"footnotes":""},"categories":[2],"tags":[],"class_list":["post-159691","post","type-post","status-publish","format-standard","has-post-thumbnail","hentry","category-politica"],"featured_image_urls":{"full":"","thumbnail":"","medium":"","medium_large":"","large":"","1536x1536":"","2048x2048":"","newsium-slider-full":"","newsium-featured":"","newsium-medium":""},"author_info":{"info":["c1500921"]},"category_info":"<a href=\"https:\/\/radiofenix.com.ar\/2023\/category\/politica\/\" rel=\"category tag\">Pol\u00edtica<\/a>","tag_info":"Pol\u00edtica","comment_count":"0","_links":{"self":[{"href":"https:\/\/radiofenix.com.ar\/2023\/wp-json\/wp\/v2\/posts\/159691","targetHints":{"allow":["GET"]}}],"collection":[{"href":"https:\/\/radiofenix.com.ar\/2023\/wp-json\/wp\/v2\/posts"}],"about":[{"href":"https:\/\/radiofenix.com.ar\/2023\/wp-json\/wp\/v2\/types\/post"}],"author":[{"embeddable":true,"href":"https:\/\/radiofenix.com.ar\/2023\/wp-json\/wp\/v2\/users\/2"}],"replies":[{"embeddable":true,"href":"https:\/\/radiofenix.com.ar\/2023\/wp-json\/wp\/v2\/comments?post=159691"}],"version-history":[{"count":0,"href":"https:\/\/radiofenix.com.ar\/2023\/wp-json\/wp\/v2\/posts\/159691\/revisions"}],"wp:featuredmedia":[{"embeddable":true,"href":"https:\/\/radiofenix.com.ar\/2023\/wp-json\/"}],"wp:attachment":[{"href":"https:\/\/radiofenix.com.ar\/2023\/wp-json\/wp\/v2\/media?parent=159691"}],"wp:term":[{"taxonomy":"category","embeddable":true,"href":"https:\/\/radiofenix.com.ar\/2023\/wp-json\/wp\/v2\/categories?post=159691"},{"taxonomy":"post_tag","embeddable":true,"href":"https:\/\/radiofenix.com.ar\/2023\/wp-json\/wp\/v2\/tags?post=159691"}],"curies":[{"name":"wp","href":"https:\/\/api.w.org\/{rel}","templated":true}]}}