{"id":159693,"date":"2023-01-19T18:04:29","date_gmt":"2023-01-19T18:04:29","guid":{"rendered":"http:\/\/radiofenix.com.ar\/para-yasky-el-movimiento-popular-debe-apoyar-el-juicio-a-la-corte-suprema-2\/"},"modified":"2023-01-19T18:04:29","modified_gmt":"2023-01-19T18:04:29","slug":"para-yasky-el-movimiento-popular-debe-apoyar-el-juicio-a-la-corte-suprema-2","status":"publish","type":"post","link":"https:\/\/radiofenix.com.ar\/2023\/para-yasky-el-movimiento-popular-debe-apoyar-el-juicio-a-la-corte-suprema-2\/","title":{"rendered":"Para Yasky, el movimiento popular debe apoyar el juicio a la Corte Suprema"},"content":{"rendered":"<p>\u00abHay que terminar no solamente con la proscripci\u00f3n pol\u00edtica, que es una consecuencia de una especie de colonizaci\u00f3n que han hecho los sectores del poder concentrado en la Justicia\u00bb, asegur\u00f3 el\u00a0diputado nacional del FdT y secretario general de la CTA.\u00bbHay que terminar no solamente con la proscripci\u00f3n pol\u00edtica, que es una consecuencia de una especie de colonizaci\u00f3n que han hecho los sectores del poder concentrado en la Justicia\u00bb, asegur\u00f3 el\u00a0diputado nacional del FdT y secretario general de la CTA.<\/p>\n","protected":false},"excerpt":{"rendered":"<p>\u00abHay que terminar no solamente con la proscripci\u00f3n pol\u00edtica, que es una consecuencia de una&#8230;<\/p>\n","protected":false},"author":2,"featured_media":159694,"comment_status":"open","ping_status":"open","sticky":false,"template":"","format":"standard","meta":{"footnotes":""},"categories":[2],"tags":[],"class_list":["post-159693","post","type-post","status-publish","format-standard","has-post-thumbnail","hentry","category-politica"],"featured_image_urls":{"full":"","thumbnail":"","medium":"","medium_large":"","large":"","1536x1536":"","2048x2048":"","newsium-slider-full":"","newsium-featured":"","newsium-medium":""},"author_info":{"info":["c1500921"]},"category_info":"<a href=\"https:\/\/radiofenix.com.ar\/2023\/category\/politica\/\" rel=\"category tag\">Pol\u00edtica<\/a>","tag_info":"Pol\u00edtica","comment_count":"0","_links":{"self":[{"href":"https:\/\/radiofenix.com.ar\/2023\/wp-json\/wp\/v2\/posts\/159693","targetHints":{"allow":["GET"]}}],"collection":[{"href":"https:\/\/radiofenix.com.ar\/2023\/wp-json\/wp\/v2\/posts"}],"about":[{"href":"https:\/\/radiofenix.com.ar\/2023\/wp-json\/wp\/v2\/types\/post"}],"author":[{"embeddable":true,"href":"https:\/\/radiofenix.com.ar\/2023\/wp-json\/wp\/v2\/users\/2"}],"replies":[{"embeddable":true,"href":"https:\/\/radiofenix.com.ar\/2023\/wp-json\/wp\/v2\/comments?post=159693"}],"version-history":[{"count":0,"href":"https:\/\/radiofenix.com.ar\/2023\/wp-json\/wp\/v2\/posts\/159693\/revisions"}],"wp:featuredmedia":[{"embeddable":true,"href":"https:\/\/radiofenix.com.ar\/2023\/wp-json\/"}],"wp:attachment":[{"href":"https:\/\/radiofenix.com.ar\/2023\/wp-json\/wp\/v2\/media?parent=159693"}],"wp:term":[{"taxonomy":"category","embeddable":true,"href":"https:\/\/radiofenix.com.ar\/2023\/wp-json\/wp\/v2\/categories?post=159693"},{"taxonomy":"post_tag","embeddable":true,"href":"https:\/\/radiofenix.com.ar\/2023\/wp-json\/wp\/v2\/tags?post=159693"}],"curies":[{"name":"wp","href":"https:\/\/api.w.org\/{rel}","templated":true}]}}