{"id":159711,"date":"2023-01-19T18:04:47","date_gmt":"2023-01-19T18:04:47","guid":{"rendered":"http:\/\/radiofenix.com.ar\/ivan-pillud-los-dos-equipos-merecemos-estar-aca-2\/"},"modified":"2023-01-19T18:04:47","modified_gmt":"2023-01-19T18:04:47","slug":"ivan-pillud-los-dos-equipos-merecemos-estar-aca-2","status":"publish","type":"post","link":"https:\/\/radiofenix.com.ar\/2023\/ivan-pillud-los-dos-equipos-merecemos-estar-aca-2\/","title":{"rendered":"Iv\u00e1n Pillud: \u00abLos dos equipos merecemos estar ac\u00e1\u00bb"},"content":{"rendered":"<p>El experimentado lateral derecho, de 36 a\u00f1os, expres\u00f3 su alegr\u00eda por \u00abla posibilidad\u00bb de seguir disputando \u00abeste tipo de partidos con trascendencia\u00bb y reconoci\u00f3 que ser\u00eda \u00abhermoso\u00bb conseguir su quinto t\u00edtulo en Racing.<\/p>\n","protected":false},"excerpt":{"rendered":"<p>El experimentado lateral derecho, de 36 a\u00f1os, expres\u00f3 su alegr\u00eda por \u00abla posibilidad\u00bb de seguir&#8230;<\/p>\n","protected":false},"author":2,"featured_media":159712,"comment_status":"open","ping_status":"open","sticky":false,"template":"","format":"standard","meta":{"footnotes":""},"categories":[3],"tags":[],"class_list":["post-159711","post","type-post","status-publish","format-standard","has-post-thumbnail","hentry","category-deportes"],"featured_image_urls":{"full":"","thumbnail":"","medium":"","medium_large":"","large":"","1536x1536":"","2048x2048":"","newsium-slider-full":"","newsium-featured":"","newsium-medium":""},"author_info":{"info":["c1500921"]},"category_info":"<a href=\"https:\/\/radiofenix.com.ar\/2023\/category\/deportes\/\" rel=\"category tag\">Deportes<\/a>","tag_info":"Deportes","comment_count":"0","_links":{"self":[{"href":"https:\/\/radiofenix.com.ar\/2023\/wp-json\/wp\/v2\/posts\/159711","targetHints":{"allow":["GET"]}}],"collection":[{"href":"https:\/\/radiofenix.com.ar\/2023\/wp-json\/wp\/v2\/posts"}],"about":[{"href":"https:\/\/radiofenix.com.ar\/2023\/wp-json\/wp\/v2\/types\/post"}],"author":[{"embeddable":true,"href":"https:\/\/radiofenix.com.ar\/2023\/wp-json\/wp\/v2\/users\/2"}],"replies":[{"embeddable":true,"href":"https:\/\/radiofenix.com.ar\/2023\/wp-json\/wp\/v2\/comments?post=159711"}],"version-history":[{"count":0,"href":"https:\/\/radiofenix.com.ar\/2023\/wp-json\/wp\/v2\/posts\/159711\/revisions"}],"wp:featuredmedia":[{"embeddable":true,"href":"https:\/\/radiofenix.com.ar\/2023\/wp-json\/"}],"wp:attachment":[{"href":"https:\/\/radiofenix.com.ar\/2023\/wp-json\/wp\/v2\/media?parent=159711"}],"wp:term":[{"taxonomy":"category","embeddable":true,"href":"https:\/\/radiofenix.com.ar\/2023\/wp-json\/wp\/v2\/categories?post=159711"},{"taxonomy":"post_tag","embeddable":true,"href":"https:\/\/radiofenix.com.ar\/2023\/wp-json\/wp\/v2\/tags?post=159711"}],"curies":[{"name":"wp","href":"https:\/\/api.w.org\/{rel}","templated":true}]}}