{"id":159761,"date":"2023-01-19T23:04:19","date_gmt":"2023-01-19T23:04:19","guid":{"rendered":"http:\/\/radiofenix.com.ar\/la-comision-de-juicio-politico-de-la-camara-de-diputados-se-reunira-el-proximo-jueves-2\/"},"modified":"2023-01-19T23:04:19","modified_gmt":"2023-01-19T23:04:19","slug":"la-comision-de-juicio-politico-de-la-camara-de-diputados-se-reunira-el-proximo-jueves-2","status":"publish","type":"post","link":"https:\/\/radiofenix.com.ar\/2023\/la-comision-de-juicio-politico-de-la-camara-de-diputados-se-reunira-el-proximo-jueves-2\/","title":{"rendered":"La comisi\u00f3n de Juicio Pol\u00edtico de la C\u00e1mara de Diputados se reunir\u00e1 el pr\u00f3ximo jueves"},"content":{"rendered":"<p>La intenci\u00f3n del oficialismo es convocar para el jueves a las 10 a la comisi\u00f3n, que preside la diputada nacional del Frente de Todos Carolina Gaillard, para analizar los expedientes vinculados al mal desempe\u00f1o de los integrantes del m\u00e1ximo tribunal.La intenci\u00f3n del oficialismo es convocar para el jueves a las 10 a la comisi\u00f3n, que preside la diputada nacional del Frente de Todos Carolina Gaillard, para analizar los expedientes vinculados al mal desempe\u00f1o de los integrantes del m\u00e1ximo tribunal.<\/p>\n","protected":false},"excerpt":{"rendered":"<p>La intenci\u00f3n del oficialismo es convocar para el jueves a las 10 a la comisi\u00f3n,&#8230;<\/p>\n","protected":false},"author":2,"featured_media":159762,"comment_status":"open","ping_status":"open","sticky":false,"template":"","format":"standard","meta":{"footnotes":""},"categories":[2],"tags":[],"class_list":["post-159761","post","type-post","status-publish","format-standard","has-post-thumbnail","hentry","category-politica"],"featured_image_urls":{"full":"","thumbnail":"","medium":"","medium_large":"","large":"","1536x1536":"","2048x2048":"","newsium-slider-full":"","newsium-featured":"","newsium-medium":""},"author_info":{"info":["c1500921"]},"category_info":"<a href=\"https:\/\/radiofenix.com.ar\/2023\/category\/politica\/\" rel=\"category tag\">Pol\u00edtica<\/a>","tag_info":"Pol\u00edtica","comment_count":"0","_links":{"self":[{"href":"https:\/\/radiofenix.com.ar\/2023\/wp-json\/wp\/v2\/posts\/159761","targetHints":{"allow":["GET"]}}],"collection":[{"href":"https:\/\/radiofenix.com.ar\/2023\/wp-json\/wp\/v2\/posts"}],"about":[{"href":"https:\/\/radiofenix.com.ar\/2023\/wp-json\/wp\/v2\/types\/post"}],"author":[{"embeddable":true,"href":"https:\/\/radiofenix.com.ar\/2023\/wp-json\/wp\/v2\/users\/2"}],"replies":[{"embeddable":true,"href":"https:\/\/radiofenix.com.ar\/2023\/wp-json\/wp\/v2\/comments?post=159761"}],"version-history":[{"count":0,"href":"https:\/\/radiofenix.com.ar\/2023\/wp-json\/wp\/v2\/posts\/159761\/revisions"}],"wp:featuredmedia":[{"embeddable":true,"href":"https:\/\/radiofenix.com.ar\/2023\/wp-json\/"}],"wp:attachment":[{"href":"https:\/\/radiofenix.com.ar\/2023\/wp-json\/wp\/v2\/media?parent=159761"}],"wp:term":[{"taxonomy":"category","embeddable":true,"href":"https:\/\/radiofenix.com.ar\/2023\/wp-json\/wp\/v2\/categories?post=159761"},{"taxonomy":"post_tag","embeddable":true,"href":"https:\/\/radiofenix.com.ar\/2023\/wp-json\/wp\/v2\/tags?post=159761"}],"curies":[{"name":"wp","href":"https:\/\/api.w.org\/{rel}","templated":true}]}}