{"id":159771,"date":"2023-01-19T23:04:24","date_gmt":"2023-01-19T23:04:24","guid":{"rendered":"http:\/\/radiofenix.com.ar\/moreau-el-fallo-de-ramos-demuestra-que-la-justicia-independiente-no-existe-en-argentina\/"},"modified":"2023-01-19T23:04:24","modified_gmt":"2023-01-19T23:04:24","slug":"moreau-el-fallo-de-ramos-demuestra-que-la-justicia-independiente-no-existe-en-argentina","status":"publish","type":"post","link":"https:\/\/radiofenix.com.ar\/2023\/moreau-el-fallo-de-ramos-demuestra-que-la-justicia-independiente-no-existe-en-argentina\/","title":{"rendered":"Moreau: \u00abEl fallo de Ramos demuestra que la Justicia independiente no existe en Argentina\u00bb"},"content":{"rendered":"<p>El diputado del Frente de Todos critic\u00f3\u00a0el fallo del juez federal, quien decidi\u00f3 cerrar la causa contra Silvio Robles, el secretario del magistrado de la Corte Suprema Horacio Rosatti,\u00a0a ra\u00edz de los chats filtrados con el ministro de Seguridad y Justicia porte\u00f1o, Marcelo D&#039;Alessandro.El diputado del Frente de Todos critic\u00f3\u00a0el fallo del juez federal, quien decidi\u00f3 cerrar la causa contra Silvio Robles, el secretario del magistrado de la Corte Suprema Horacio Rosatti,\u00a0a ra\u00edz de los chats filtrados con el ministro de Seguridad y Justicia porte\u00f1o, Marcelo D&#039;Alessandro.<\/p>\n","protected":false},"excerpt":{"rendered":"<p>El diputado del Frente de Todos critic\u00f3\u00a0el fallo del juez federal, quien decidi\u00f3 cerrar la&#8230;<\/p>\n","protected":false},"author":2,"featured_media":159772,"comment_status":"open","ping_status":"open","sticky":false,"template":"","format":"standard","meta":{"footnotes":""},"categories":[2],"tags":[],"class_list":["post-159771","post","type-post","status-publish","format-standard","has-post-thumbnail","hentry","category-politica"],"featured_image_urls":{"full":"","thumbnail":"","medium":"","medium_large":"","large":"","1536x1536":"","2048x2048":"","newsium-slider-full":"","newsium-featured":"","newsium-medium":""},"author_info":{"info":["c1500921"]},"category_info":"<a href=\"https:\/\/radiofenix.com.ar\/2023\/category\/politica\/\" rel=\"category tag\">Pol\u00edtica<\/a>","tag_info":"Pol\u00edtica","comment_count":"0","_links":{"self":[{"href":"https:\/\/radiofenix.com.ar\/2023\/wp-json\/wp\/v2\/posts\/159771","targetHints":{"allow":["GET"]}}],"collection":[{"href":"https:\/\/radiofenix.com.ar\/2023\/wp-json\/wp\/v2\/posts"}],"about":[{"href":"https:\/\/radiofenix.com.ar\/2023\/wp-json\/wp\/v2\/types\/post"}],"author":[{"embeddable":true,"href":"https:\/\/radiofenix.com.ar\/2023\/wp-json\/wp\/v2\/users\/2"}],"replies":[{"embeddable":true,"href":"https:\/\/radiofenix.com.ar\/2023\/wp-json\/wp\/v2\/comments?post=159771"}],"version-history":[{"count":0,"href":"https:\/\/radiofenix.com.ar\/2023\/wp-json\/wp\/v2\/posts\/159771\/revisions"}],"wp:featuredmedia":[{"embeddable":true,"href":"https:\/\/radiofenix.com.ar\/2023\/wp-json\/"}],"wp:attachment":[{"href":"https:\/\/radiofenix.com.ar\/2023\/wp-json\/wp\/v2\/media?parent=159771"}],"wp:term":[{"taxonomy":"category","embeddable":true,"href":"https:\/\/radiofenix.com.ar\/2023\/wp-json\/wp\/v2\/categories?post=159771"},{"taxonomy":"post_tag","embeddable":true,"href":"https:\/\/radiofenix.com.ar\/2023\/wp-json\/wp\/v2\/tags?post=159771"}],"curies":[{"name":"wp","href":"https:\/\/api.w.org\/{rel}","templated":true}]}}