{"id":159783,"date":"2023-01-20T01:05:01","date_gmt":"2023-01-20T01:05:01","guid":{"rendered":"http:\/\/radiofenix.com.ar\/centrales-sindicales-se-movilizaron-a-la-embajada-de-peru-en-buenos-aires\/"},"modified":"2023-01-20T01:05:01","modified_gmt":"2023-01-20T01:05:01","slug":"centrales-sindicales-se-movilizaron-a-la-embajada-de-peru-en-buenos-aires","status":"publish","type":"post","link":"https:\/\/radiofenix.com.ar\/2023\/centrales-sindicales-se-movilizaron-a-la-embajada-de-peru-en-buenos-aires\/","title":{"rendered":"Centrales sindicales se movilizaron a la embajada de Per\u00fa en Buenos Aires"},"content":{"rendered":"<p>La CGT, la CTA y la CTA Aut\u00f3noma realizaron una\u00a0movilizaci\u00f3n que comenz\u00f3 a las 16 en la sede diplom\u00e1tica, en \u00absolidaridad con el pueblo peruano\u00bb.La CGT, la CTA y la CTA Aut\u00f3noma realizaron una\u00a0movilizaci\u00f3n que comenz\u00f3 a las 16 en la sede diplom\u00e1tica, en \u00absolidaridad con el pueblo peruano\u00bb.<\/p>\n","protected":false},"excerpt":{"rendered":"<p>La CGT, la CTA y la CTA Aut\u00f3noma realizaron una\u00a0movilizaci\u00f3n que comenz\u00f3 a las 16&#8230;<\/p>\n","protected":false},"author":2,"featured_media":159784,"comment_status":"open","ping_status":"open","sticky":false,"template":"","format":"standard","meta":{"footnotes":""},"categories":[2],"tags":[],"class_list":["post-159783","post","type-post","status-publish","format-standard","has-post-thumbnail","hentry","category-politica"],"featured_image_urls":{"full":"","thumbnail":"","medium":"","medium_large":"","large":"","1536x1536":"","2048x2048":"","newsium-slider-full":"","newsium-featured":"","newsium-medium":""},"author_info":{"info":["c1500921"]},"category_info":"<a href=\"https:\/\/radiofenix.com.ar\/2023\/category\/politica\/\" rel=\"category tag\">Pol\u00edtica<\/a>","tag_info":"Pol\u00edtica","comment_count":"0","_links":{"self":[{"href":"https:\/\/radiofenix.com.ar\/2023\/wp-json\/wp\/v2\/posts\/159783","targetHints":{"allow":["GET"]}}],"collection":[{"href":"https:\/\/radiofenix.com.ar\/2023\/wp-json\/wp\/v2\/posts"}],"about":[{"href":"https:\/\/radiofenix.com.ar\/2023\/wp-json\/wp\/v2\/types\/post"}],"author":[{"embeddable":true,"href":"https:\/\/radiofenix.com.ar\/2023\/wp-json\/wp\/v2\/users\/2"}],"replies":[{"embeddable":true,"href":"https:\/\/radiofenix.com.ar\/2023\/wp-json\/wp\/v2\/comments?post=159783"}],"version-history":[{"count":0,"href":"https:\/\/radiofenix.com.ar\/2023\/wp-json\/wp\/v2\/posts\/159783\/revisions"}],"wp:featuredmedia":[{"embeddable":true,"href":"https:\/\/radiofenix.com.ar\/2023\/wp-json\/"}],"wp:attachment":[{"href":"https:\/\/radiofenix.com.ar\/2023\/wp-json\/wp\/v2\/media?parent=159783"}],"wp:term":[{"taxonomy":"category","embeddable":true,"href":"https:\/\/radiofenix.com.ar\/2023\/wp-json\/wp\/v2\/categories?post=159783"},{"taxonomy":"post_tag","embeddable":true,"href":"https:\/\/radiofenix.com.ar\/2023\/wp-json\/wp\/v2\/tags?post=159783"}],"curies":[{"name":"wp","href":"https:\/\/api.w.org\/{rel}","templated":true}]}}