{"id":159793,"date":"2023-01-20T01:44:00","date_gmt":"2023-01-20T01:44:00","guid":{"rendered":"http:\/\/radiofenix.com.ar\/los-generos-son-solo-una-capa-exterior-yo-trato-de-no-olvidarme-que-la-musica-es-arte\/"},"modified":"2023-01-20T01:44:00","modified_gmt":"2023-01-20T01:44:00","slug":"los-generos-son-solo-una-capa-exterior-yo-trato-de-no-olvidarme-que-la-musica-es-arte","status":"publish","type":"post","link":"https:\/\/radiofenix.com.ar\/2023\/los-generos-son-solo-una-capa-exterior-yo-trato-de-no-olvidarme-que-la-musica-es-arte\/","title":{"rendered":"\u00abLos g\u00e9neros son s\u00f3lo una capa exterior, yo trato de no olvidarme que la m\u00fasica es arte\u00bb"},"content":{"rendered":"<p>El productor detr\u00e1s de &amp;ldquo;Fernet&amp;rdquo;, &amp;ldquo;Sexy&amp;rdquo;, &amp;ldquo;Tu Luna&amp;rdquo;, &amp;ldquo;Halloween&amp;rdquo; y que colabor\u00f3 con Duki en la producci\u00f3n de tres temas de &amp;ldquo;Desde el Fin del Mundo&amp;rdquo; ,habla a poco de haber editado su primer larga duraci\u00f3n,que lanz\u00f3 en diciembre una versi\u00f3n \u00abdeluxe\u00bb.El productor detr\u00e1s de &amp;ldquo;Fernet&amp;rdquo;, &amp;ldquo;Sexy&amp;rdquo;, &amp;ldquo;Tu Luna&amp;rdquo;, &amp;ldquo;Halloween&amp;rdquo; y que colabor\u00f3 con Duki en la producci\u00f3n de tres temas de &amp;ldquo;Desde el Fin del Mundo&amp;rdquo; ,habla a poco de haber editado su primer larga duraci\u00f3n,que lanz\u00f3 en diciembre una versi\u00f3n \u00abdeluxe\u00bb.<\/p>\n","protected":false},"excerpt":{"rendered":"<p>El productor detr\u00e1s de &amp;ldquo;Fernet&amp;rdquo;, &amp;ldquo;Sexy&amp;rdquo;, &amp;ldquo;Tu Luna&amp;rdquo;, &amp;ldquo;Halloween&amp;rdquo; y que colabor\u00f3 con Duki en&#8230;<\/p>\n","protected":false},"author":2,"featured_media":159794,"comment_status":"open","ping_status":"open","sticky":false,"template":"","format":"standard","meta":{"footnotes":""},"categories":[4],"tags":[],"class_list":["post-159793","post","type-post","status-publish","format-standard","has-post-thumbnail","hentry","category-espectaculos"],"featured_image_urls":{"full":"","thumbnail":"","medium":"","medium_large":"","large":"","1536x1536":"","2048x2048":"","newsium-slider-full":"","newsium-featured":"","newsium-medium":""},"author_info":{"info":["c1500921"]},"category_info":"<a href=\"https:\/\/radiofenix.com.ar\/2023\/category\/espectaculos\/\" rel=\"category tag\">Espectaculos<\/a>","tag_info":"Espectaculos","comment_count":"0","_links":{"self":[{"href":"https:\/\/radiofenix.com.ar\/2023\/wp-json\/wp\/v2\/posts\/159793","targetHints":{"allow":["GET"]}}],"collection":[{"href":"https:\/\/radiofenix.com.ar\/2023\/wp-json\/wp\/v2\/posts"}],"about":[{"href":"https:\/\/radiofenix.com.ar\/2023\/wp-json\/wp\/v2\/types\/post"}],"author":[{"embeddable":true,"href":"https:\/\/radiofenix.com.ar\/2023\/wp-json\/wp\/v2\/users\/2"}],"replies":[{"embeddable":true,"href":"https:\/\/radiofenix.com.ar\/2023\/wp-json\/wp\/v2\/comments?post=159793"}],"version-history":[{"count":0,"href":"https:\/\/radiofenix.com.ar\/2023\/wp-json\/wp\/v2\/posts\/159793\/revisions"}],"wp:featuredmedia":[{"embeddable":true,"href":"https:\/\/radiofenix.com.ar\/2023\/wp-json\/"}],"wp:attachment":[{"href":"https:\/\/radiofenix.com.ar\/2023\/wp-json\/wp\/v2\/media?parent=159793"}],"wp:term":[{"taxonomy":"category","embeddable":true,"href":"https:\/\/radiofenix.com.ar\/2023\/wp-json\/wp\/v2\/categories?post=159793"},{"taxonomy":"post_tag","embeddable":true,"href":"https:\/\/radiofenix.com.ar\/2023\/wp-json\/wp\/v2\/tags?post=159793"}],"curies":[{"name":"wp","href":"https:\/\/api.w.org\/{rel}","templated":true}]}}