{"id":159795,"date":"2023-01-20T03:04:14","date_gmt":"2023-01-20T03:04:14","guid":{"rendered":"http:\/\/radiofenix.com.ar\/el-gobierno-obtendra-un-financiamiento-para-el-desarrollo-rural-y-la-agricultura-familiar\/"},"modified":"2023-01-20T03:04:14","modified_gmt":"2023-01-20T03:04:14","slug":"el-gobierno-obtendra-un-financiamiento-para-el-desarrollo-rural-y-la-agricultura-familiar","status":"publish","type":"post","link":"https:\/\/radiofenix.com.ar\/2023\/el-gobierno-obtendra-un-financiamiento-para-el-desarrollo-rural-y-la-agricultura-familiar\/","title":{"rendered":"El Gobierno obtendr\u00e1 un financiamiento para el desarrollo rural y la agricultura familiar"},"content":{"rendered":"<p>El secretario de Planificaci\u00f3n del Desarrollo y la Competitividad Federal del Ministerio de Econom\u00eda, Jorge Neme, y el Gobiernador de Catamarca Ra\u00fal Jalil, se reunieron con autoridades del Fondo Internacional de Desarrollo Agr\u00edcola por los proyectos que tienen como objetivo fortalecer la agricultura a peque\u00f1a escala, el desarrollo rural inclusivo y la modernizaci\u00f3n de las cadenas de valor.El secretario de Planificaci\u00f3n del Desarrollo y la Competitividad Federal del Ministerio de Econom\u00eda, Jorge Neme, y el Gobiernador de Catamarca Ra\u00fal Jalil, se reunieron con autoridades del Fondo Internacional de Desarrollo Agr\u00edcola por los proyectos que tienen como objetivo fortalecer la agricultura a peque\u00f1a escala, el desarrollo rural inclusivo y la modernizaci\u00f3n de las cadenas de valor.<\/p>\n","protected":false},"excerpt":{"rendered":"<p>El secretario de Planificaci\u00f3n del Desarrollo y la Competitividad Federal del Ministerio de Econom\u00eda, Jorge&#8230;<\/p>\n","protected":false},"author":2,"featured_media":159796,"comment_status":"open","ping_status":"open","sticky":false,"template":"","format":"standard","meta":{"footnotes":""},"categories":[2],"tags":[],"class_list":["post-159795","post","type-post","status-publish","format-standard","has-post-thumbnail","hentry","category-politica"],"featured_image_urls":{"full":"","thumbnail":"","medium":"","medium_large":"","large":"","1536x1536":"","2048x2048":"","newsium-slider-full":"","newsium-featured":"","newsium-medium":""},"author_info":{"info":["c1500921"]},"category_info":"<a href=\"https:\/\/radiofenix.com.ar\/2023\/category\/politica\/\" rel=\"category tag\">Pol\u00edtica<\/a>","tag_info":"Pol\u00edtica","comment_count":"0","_links":{"self":[{"href":"https:\/\/radiofenix.com.ar\/2023\/wp-json\/wp\/v2\/posts\/159795","targetHints":{"allow":["GET"]}}],"collection":[{"href":"https:\/\/radiofenix.com.ar\/2023\/wp-json\/wp\/v2\/posts"}],"about":[{"href":"https:\/\/radiofenix.com.ar\/2023\/wp-json\/wp\/v2\/types\/post"}],"author":[{"embeddable":true,"href":"https:\/\/radiofenix.com.ar\/2023\/wp-json\/wp\/v2\/users\/2"}],"replies":[{"embeddable":true,"href":"https:\/\/radiofenix.com.ar\/2023\/wp-json\/wp\/v2\/comments?post=159795"}],"version-history":[{"count":0,"href":"https:\/\/radiofenix.com.ar\/2023\/wp-json\/wp\/v2\/posts\/159795\/revisions"}],"wp:featuredmedia":[{"embeddable":true,"href":"https:\/\/radiofenix.com.ar\/2023\/wp-json\/"}],"wp:attachment":[{"href":"https:\/\/radiofenix.com.ar\/2023\/wp-json\/wp\/v2\/media?parent=159795"}],"wp:term":[{"taxonomy":"category","embeddable":true,"href":"https:\/\/radiofenix.com.ar\/2023\/wp-json\/wp\/v2\/categories?post=159795"},{"taxonomy":"post_tag","embeddable":true,"href":"https:\/\/radiofenix.com.ar\/2023\/wp-json\/wp\/v2\/tags?post=159795"}],"curies":[{"name":"wp","href":"https:\/\/api.w.org\/{rel}","templated":true}]}}