{"id":159799,"date":"2023-01-20T01:59:00","date_gmt":"2023-01-20T01:59:00","guid":{"rendered":"http:\/\/radiofenix.com.ar\/la-afip-prorrogo-hasta-el-27-de-enero-el-plazo-para-recategorizacion-en-el-monotributo\/"},"modified":"2023-01-20T01:59:00","modified_gmt":"2023-01-20T01:59:00","slug":"la-afip-prorrogo-hasta-el-27-de-enero-el-plazo-para-recategorizacion-en-el-monotributo","status":"publish","type":"post","link":"https:\/\/radiofenix.com.ar\/2023\/la-afip-prorrogo-hasta-el-27-de-enero-el-plazo-para-recategorizacion-en-el-monotributo\/","title":{"rendered":"La AFIP prorrog\u00f3 hasta el 27 de enero, el plazo para recategorizaci\u00f3n en el Monotributo"},"content":{"rendered":"<p>El organismo dispuso a trav\u00e9s de la Resoluci\u00f3n General N\u00b0 5318\/23, que ser\u00e1 publicada este viernes en el Bolet\u00edn Oficial, dicha pr\u00f3rroga para permitir realizar los tr\u00e1mites de recategorizaci\u00f3n.<\/p>\n","protected":false},"excerpt":{"rendered":"<p>El organismo dispuso a trav\u00e9s de la Resoluci\u00f3n General N\u00b0 5318\/23, que ser\u00e1 publicada este&#8230;<\/p>\n","protected":false},"author":2,"featured_media":159800,"comment_status":"open","ping_status":"open","sticky":false,"template":"","format":"standard","meta":{"footnotes":""},"categories":[5],"tags":[],"class_list":["post-159799","post","type-post","status-publish","format-standard","has-post-thumbnail","hentry","category-economia"],"featured_image_urls":{"full":"","thumbnail":"","medium":"","medium_large":"","large":"","1536x1536":"","2048x2048":"","newsium-slider-full":"","newsium-featured":"","newsium-medium":""},"author_info":{"info":["c1500921"]},"category_info":"<a href=\"https:\/\/radiofenix.com.ar\/2023\/category\/economia\/\" rel=\"category tag\">Economia<\/a>","tag_info":"Economia","comment_count":"0","_links":{"self":[{"href":"https:\/\/radiofenix.com.ar\/2023\/wp-json\/wp\/v2\/posts\/159799","targetHints":{"allow":["GET"]}}],"collection":[{"href":"https:\/\/radiofenix.com.ar\/2023\/wp-json\/wp\/v2\/posts"}],"about":[{"href":"https:\/\/radiofenix.com.ar\/2023\/wp-json\/wp\/v2\/types\/post"}],"author":[{"embeddable":true,"href":"https:\/\/radiofenix.com.ar\/2023\/wp-json\/wp\/v2\/users\/2"}],"replies":[{"embeddable":true,"href":"https:\/\/radiofenix.com.ar\/2023\/wp-json\/wp\/v2\/comments?post=159799"}],"version-history":[{"count":0,"href":"https:\/\/radiofenix.com.ar\/2023\/wp-json\/wp\/v2\/posts\/159799\/revisions"}],"wp:featuredmedia":[{"embeddable":true,"href":"https:\/\/radiofenix.com.ar\/2023\/wp-json\/"}],"wp:attachment":[{"href":"https:\/\/radiofenix.com.ar\/2023\/wp-json\/wp\/v2\/media?parent=159799"}],"wp:term":[{"taxonomy":"category","embeddable":true,"href":"https:\/\/radiofenix.com.ar\/2023\/wp-json\/wp\/v2\/categories?post=159799"},{"taxonomy":"post_tag","embeddable":true,"href":"https:\/\/radiofenix.com.ar\/2023\/wp-json\/wp\/v2\/tags?post=159799"}],"curies":[{"name":"wp","href":"https:\/\/api.w.org\/{rel}","templated":true}]}}