{"id":159807,"date":"2023-01-20T10:30:00","date_gmt":"2023-01-20T10:30:00","guid":{"rendered":"http:\/\/radiofenix.com.ar\/sequia-massa-y-bahillo-se-reunen-en-san-pedro-con-la-mesa-de-enlace-3\/"},"modified":"2023-01-20T10:30:00","modified_gmt":"2023-01-20T10:30:00","slug":"sequia-massa-y-bahillo-se-reunen-en-san-pedro-con-la-mesa-de-enlace-3","status":"publish","type":"post","link":"https:\/\/radiofenix.com.ar\/2023\/sequia-massa-y-bahillo-se-reunen-en-san-pedro-con-la-mesa-de-enlace-3\/","title":{"rendered":"Sequ\u00eda: Massa y Bahillo se re\u00fanen en San Pedro con la Mesa de Enlace"},"content":{"rendered":"<p>\u00abSer\u00e1 una reuni\u00f3n integral para abordar desde todos los costado el tema de la sequ\u00eda\u00bb, indic\u00f3 una fuente a T\u00e9lam.\u00a0El encuentro se realiza este viernes a las 10 en la Estaci\u00f3n Experimental del Instituto Nacional de Tecnolog\u00eda Agropecuaria (INTA) San Pedro .<\/p>\n","protected":false},"excerpt":{"rendered":"<p>\u00abSer\u00e1 una reuni\u00f3n integral para abordar desde todos los costado el tema de la sequ\u00eda\u00bb,&#8230;<\/p>\n","protected":false},"author":2,"featured_media":159808,"comment_status":"open","ping_status":"open","sticky":false,"template":"","format":"standard","meta":{"footnotes":""},"categories":[5],"tags":[],"class_list":["post-159807","post","type-post","status-publish","format-standard","has-post-thumbnail","hentry","category-economia"],"featured_image_urls":{"full":"","thumbnail":"","medium":"","medium_large":"","large":"","1536x1536":"","2048x2048":"","newsium-slider-full":"","newsium-featured":"","newsium-medium":""},"author_info":{"info":["c1500921"]},"category_info":"<a href=\"https:\/\/radiofenix.com.ar\/2023\/category\/economia\/\" rel=\"category tag\">Economia<\/a>","tag_info":"Economia","comment_count":"0","_links":{"self":[{"href":"https:\/\/radiofenix.com.ar\/2023\/wp-json\/wp\/v2\/posts\/159807","targetHints":{"allow":["GET"]}}],"collection":[{"href":"https:\/\/radiofenix.com.ar\/2023\/wp-json\/wp\/v2\/posts"}],"about":[{"href":"https:\/\/radiofenix.com.ar\/2023\/wp-json\/wp\/v2\/types\/post"}],"author":[{"embeddable":true,"href":"https:\/\/radiofenix.com.ar\/2023\/wp-json\/wp\/v2\/users\/2"}],"replies":[{"embeddable":true,"href":"https:\/\/radiofenix.com.ar\/2023\/wp-json\/wp\/v2\/comments?post=159807"}],"version-history":[{"count":0,"href":"https:\/\/radiofenix.com.ar\/2023\/wp-json\/wp\/v2\/posts\/159807\/revisions"}],"wp:featuredmedia":[{"embeddable":true,"href":"https:\/\/radiofenix.com.ar\/2023\/wp-json\/"}],"wp:attachment":[{"href":"https:\/\/radiofenix.com.ar\/2023\/wp-json\/wp\/v2\/media?parent=159807"}],"wp:term":[{"taxonomy":"category","embeddable":true,"href":"https:\/\/radiofenix.com.ar\/2023\/wp-json\/wp\/v2\/categories?post=159807"},{"taxonomy":"post_tag","embeddable":true,"href":"https:\/\/radiofenix.com.ar\/2023\/wp-json\/wp\/v2\/tags?post=159807"}],"curies":[{"name":"wp","href":"https:\/\/api.w.org\/{rel}","templated":true}]}}