{"id":159813,"date":"2023-01-20T13:04:57","date_gmt":"2023-01-20T13:04:57","guid":{"rendered":"http:\/\/radiofenix.com.ar\/lopez-estamos-en-un-momento-clave-donde-es-democracia-o-corporaciones\/"},"modified":"2023-01-20T13:04:57","modified_gmt":"2023-01-20T13:04:57","slug":"lopez-estamos-en-un-momento-clave-donde-es-democracia-o-corporaciones","status":"publish","type":"post","link":"https:\/\/radiofenix.com.ar\/2023\/lopez-estamos-en-un-momento-clave-donde-es-democracia-o-corporaciones\/","title":{"rendered":"L\u00f3pez: \u00abEstamos en un momento clave donde es democracia o corporaciones\u00bb"},"content":{"rendered":"<p>As\u00ed lo remarc\u00f3 el vicepresidente del Ente Nacional de Comunicaciones, al referirse a la carta que un grupo de empresarios envi\u00f3 a la comisi\u00f3n de juicio pol\u00edtico de la C\u00e1mara de Diputados para solicitar que se deje sin efecto el proceso de destituci\u00f3n a los integrantes del Alto Tribunal.As\u00ed lo remarc\u00f3 el vicepresidente del Ente Nacional de Comunicaciones, al referirse a la carta que un grupo de empresarios envi\u00f3 a la comisi\u00f3n de juicio pol\u00edtico de la C\u00e1mara de Diputados para solicitar que se deje sin efecto el proceso de destituci\u00f3n a los integrantes del Alto Tribunal.<\/p>\n","protected":false},"excerpt":{"rendered":"<p>As\u00ed lo remarc\u00f3 el vicepresidente del Ente Nacional de Comunicaciones, al referirse a la carta&#8230;<\/p>\n","protected":false},"author":2,"featured_media":159814,"comment_status":"open","ping_status":"open","sticky":false,"template":"","format":"standard","meta":{"footnotes":""},"categories":[2],"tags":[],"class_list":["post-159813","post","type-post","status-publish","format-standard","has-post-thumbnail","hentry","category-politica"],"featured_image_urls":{"full":"","thumbnail":"","medium":"","medium_large":"","large":"","1536x1536":"","2048x2048":"","newsium-slider-full":"","newsium-featured":"","newsium-medium":""},"author_info":{"info":["c1500921"]},"category_info":"<a href=\"https:\/\/radiofenix.com.ar\/2023\/category\/politica\/\" rel=\"category tag\">Pol\u00edtica<\/a>","tag_info":"Pol\u00edtica","comment_count":"0","_links":{"self":[{"href":"https:\/\/radiofenix.com.ar\/2023\/wp-json\/wp\/v2\/posts\/159813","targetHints":{"allow":["GET"]}}],"collection":[{"href":"https:\/\/radiofenix.com.ar\/2023\/wp-json\/wp\/v2\/posts"}],"about":[{"href":"https:\/\/radiofenix.com.ar\/2023\/wp-json\/wp\/v2\/types\/post"}],"author":[{"embeddable":true,"href":"https:\/\/radiofenix.com.ar\/2023\/wp-json\/wp\/v2\/users\/2"}],"replies":[{"embeddable":true,"href":"https:\/\/radiofenix.com.ar\/2023\/wp-json\/wp\/v2\/comments?post=159813"}],"version-history":[{"count":0,"href":"https:\/\/radiofenix.com.ar\/2023\/wp-json\/wp\/v2\/posts\/159813\/revisions"}],"wp:featuredmedia":[{"embeddable":true,"href":"https:\/\/radiofenix.com.ar\/2023\/wp-json\/"}],"wp:attachment":[{"href":"https:\/\/radiofenix.com.ar\/2023\/wp-json\/wp\/v2\/media?parent=159813"}],"wp:term":[{"taxonomy":"category","embeddable":true,"href":"https:\/\/radiofenix.com.ar\/2023\/wp-json\/wp\/v2\/categories?post=159813"},{"taxonomy":"post_tag","embeddable":true,"href":"https:\/\/radiofenix.com.ar\/2023\/wp-json\/wp\/v2\/tags?post=159813"}],"curies":[{"name":"wp","href":"https:\/\/api.w.org\/{rel}","templated":true}]}}