{"id":159817,"date":"2023-01-20T13:05:15","date_gmt":"2023-01-20T13:05:15","guid":{"rendered":"http:\/\/radiofenix.com.ar\/dani-alves-fue-detenido-acusado-de-una-presunta-agresion-sexual\/"},"modified":"2023-01-20T13:05:15","modified_gmt":"2023-01-20T13:05:15","slug":"dani-alves-fue-detenido-acusado-de-una-presunta-agresion-sexual","status":"publish","type":"post","link":"https:\/\/radiofenix.com.ar\/2023\/dani-alves-fue-detenido-acusado-de-una-presunta-agresion-sexual\/","title":{"rendered":"Dani Alves fue detenido acusado de una presunta agresi\u00f3n sexual"},"content":{"rendered":"<p>Los hechos habr\u00edan ocurrido el 30 de diciembre en la discoteca &amp;lsquo;Sutton&amp;rsquo; de Barcelona cuando el futbolista brasile\u00f1o, de 39 a\u00f1os, le habr\u00eda introducido &amp;ldquo;la mano por dentro de la ropa interior&amp;rdquo; a una joven.\u00a0La denuncia se encuentra judicializada, en fase de instrucci\u00f3n.<\/p>\n","protected":false},"excerpt":{"rendered":"<p>Los hechos habr\u00edan ocurrido el 30 de diciembre en la discoteca &amp;lsquo;Sutton&amp;rsquo; de Barcelona cuando&#8230;<\/p>\n","protected":false},"author":2,"featured_media":159818,"comment_status":"open","ping_status":"open","sticky":false,"template":"","format":"standard","meta":{"footnotes":""},"categories":[3],"tags":[],"class_list":["post-159817","post","type-post","status-publish","format-standard","has-post-thumbnail","hentry","category-deportes"],"featured_image_urls":{"full":"","thumbnail":"","medium":"","medium_large":"","large":"","1536x1536":"","2048x2048":"","newsium-slider-full":"","newsium-featured":"","newsium-medium":""},"author_info":{"info":["c1500921"]},"category_info":"<a href=\"https:\/\/radiofenix.com.ar\/2023\/category\/deportes\/\" rel=\"category tag\">Deportes<\/a>","tag_info":"Deportes","comment_count":"0","_links":{"self":[{"href":"https:\/\/radiofenix.com.ar\/2023\/wp-json\/wp\/v2\/posts\/159817","targetHints":{"allow":["GET"]}}],"collection":[{"href":"https:\/\/radiofenix.com.ar\/2023\/wp-json\/wp\/v2\/posts"}],"about":[{"href":"https:\/\/radiofenix.com.ar\/2023\/wp-json\/wp\/v2\/types\/post"}],"author":[{"embeddable":true,"href":"https:\/\/radiofenix.com.ar\/2023\/wp-json\/wp\/v2\/users\/2"}],"replies":[{"embeddable":true,"href":"https:\/\/radiofenix.com.ar\/2023\/wp-json\/wp\/v2\/comments?post=159817"}],"version-history":[{"count":0,"href":"https:\/\/radiofenix.com.ar\/2023\/wp-json\/wp\/v2\/posts\/159817\/revisions"}],"wp:featuredmedia":[{"embeddable":true,"href":"https:\/\/radiofenix.com.ar\/2023\/wp-json\/"}],"wp:attachment":[{"href":"https:\/\/radiofenix.com.ar\/2023\/wp-json\/wp\/v2\/media?parent=159817"}],"wp:term":[{"taxonomy":"category","embeddable":true,"href":"https:\/\/radiofenix.com.ar\/2023\/wp-json\/wp\/v2\/categories?post=159817"},{"taxonomy":"post_tag","embeddable":true,"href":"https:\/\/radiofenix.com.ar\/2023\/wp-json\/wp\/v2\/tags?post=159817"}],"curies":[{"name":"wp","href":"https:\/\/api.w.org\/{rel}","templated":true}]}}