{"id":159819,"date":"2023-01-20T15:04:05","date_gmt":"2023-01-20T15:04:05","guid":{"rendered":"http:\/\/radiofenix.com.ar\/para-rozanski-existe-un-avance-mafioso-que-es-peligroso-para-la-democracia\/"},"modified":"2023-01-20T15:04:05","modified_gmt":"2023-01-20T15:04:05","slug":"para-rozanski-existe-un-avance-mafioso-que-es-peligroso-para-la-democracia","status":"publish","type":"post","link":"https:\/\/radiofenix.com.ar\/2023\/para-rozanski-existe-un-avance-mafioso-que-es-peligroso-para-la-democracia\/","title":{"rendered":"Para Rozanski, existe \u00abun avance mafioso que es peligroso para la democracia\u00bb"},"content":{"rendered":"<p>\u00abHay una organizaci\u00f3n mafiosa que afecta el curso de causas judiciales y est\u00e1 integrada por sectores del poder judicial, especialmente del Fuero Federal y los dirigentes pol\u00edticos que est\u00e1n bloqueando la actividad del Congreso\u00bb, expres\u00f3 el exjuez.\u00bbHay una organizaci\u00f3n mafiosa que afecta el curso de causas judiciales y est\u00e1 integrada por sectores del poder judicial, especialmente del Fuero Federal y los dirigentes pol\u00edticos que est\u00e1n bloqueando la actividad del Congreso\u00bb, expres\u00f3 el exjuez.<\/p>\n","protected":false},"excerpt":{"rendered":"<p>\u00abHay una organizaci\u00f3n mafiosa que afecta el curso de causas judiciales y est\u00e1 integrada por&#8230;<\/p>\n","protected":false},"author":2,"featured_media":159820,"comment_status":"open","ping_status":"open","sticky":false,"template":"","format":"standard","meta":{"footnotes":""},"categories":[2],"tags":[],"class_list":["post-159819","post","type-post","status-publish","format-standard","has-post-thumbnail","hentry","category-politica"],"featured_image_urls":{"full":"","thumbnail":"","medium":"","medium_large":"","large":"","1536x1536":"","2048x2048":"","newsium-slider-full":"","newsium-featured":"","newsium-medium":""},"author_info":{"info":["c1500921"]},"category_info":"<a href=\"https:\/\/radiofenix.com.ar\/2023\/category\/politica\/\" rel=\"category tag\">Pol\u00edtica<\/a>","tag_info":"Pol\u00edtica","comment_count":"0","_links":{"self":[{"href":"https:\/\/radiofenix.com.ar\/2023\/wp-json\/wp\/v2\/posts\/159819","targetHints":{"allow":["GET"]}}],"collection":[{"href":"https:\/\/radiofenix.com.ar\/2023\/wp-json\/wp\/v2\/posts"}],"about":[{"href":"https:\/\/radiofenix.com.ar\/2023\/wp-json\/wp\/v2\/types\/post"}],"author":[{"embeddable":true,"href":"https:\/\/radiofenix.com.ar\/2023\/wp-json\/wp\/v2\/users\/2"}],"replies":[{"embeddable":true,"href":"https:\/\/radiofenix.com.ar\/2023\/wp-json\/wp\/v2\/comments?post=159819"}],"version-history":[{"count":0,"href":"https:\/\/radiofenix.com.ar\/2023\/wp-json\/wp\/v2\/posts\/159819\/revisions"}],"wp:featuredmedia":[{"embeddable":true,"href":"https:\/\/radiofenix.com.ar\/2023\/wp-json\/"}],"wp:attachment":[{"href":"https:\/\/radiofenix.com.ar\/2023\/wp-json\/wp\/v2\/media?parent=159819"}],"wp:term":[{"taxonomy":"category","embeddable":true,"href":"https:\/\/radiofenix.com.ar\/2023\/wp-json\/wp\/v2\/categories?post=159819"},{"taxonomy":"post_tag","embeddable":true,"href":"https:\/\/radiofenix.com.ar\/2023\/wp-json\/wp\/v2\/tags?post=159819"}],"curies":[{"name":"wp","href":"https:\/\/api.w.org\/{rel}","templated":true}]}}