{"id":159879,"date":"2023-01-20T20:05:09","date_gmt":"2023-01-20T20:05:09","guid":{"rendered":"http:\/\/radiofenix.com.ar\/soria-comodoro-pro-esta-llegando-a-limites-nunca-antes-vistos\/"},"modified":"2023-01-20T20:05:09","modified_gmt":"2023-01-20T20:05:09","slug":"soria-comodoro-pro-esta-llegando-a-limites-nunca-antes-vistos","status":"publish","type":"post","link":"https:\/\/radiofenix.com.ar\/2023\/soria-comodoro-pro-esta-llegando-a-limites-nunca-antes-vistos\/","title":{"rendered":"Soria: \u00abComodoro Pro est\u00e1 llegando a l\u00edmites nunca antes vistos\u00bb"},"content":{"rendered":"<p>Al referirse a la decisi\u00f3n del juez Roberto Ramos, quien cerr\u00f3 la denuncia penal contra la mano derecha de Rosatti, el titular de la cartera de Justicia y Derechos Humanos asegur\u00f3 que existe una \u00abdoble vara\u00bb de los magistrados de Comodoro Py.Al referirse a la decisi\u00f3n del juez Roberto Ramos, quien cerr\u00f3 la denuncia penal contra la mano derecha de Rosatti, el titular de la cartera de Justicia y Derechos Humanos asegur\u00f3 que existe una \u00abdoble vara\u00bb de los magistrados de Comodoro Py.<\/p>\n","protected":false},"excerpt":{"rendered":"<p>Al referirse a la decisi\u00f3n del juez Roberto Ramos, quien cerr\u00f3 la denuncia penal contra&#8230;<\/p>\n","protected":false},"author":2,"featured_media":159880,"comment_status":"open","ping_status":"open","sticky":false,"template":"","format":"standard","meta":{"footnotes":""},"categories":[2],"tags":[],"class_list":["post-159879","post","type-post","status-publish","format-standard","has-post-thumbnail","hentry","category-politica"],"featured_image_urls":{"full":"","thumbnail":"","medium":"","medium_large":"","large":"","1536x1536":"","2048x2048":"","newsium-slider-full":"","newsium-featured":"","newsium-medium":""},"author_info":{"info":["c1500921"]},"category_info":"<a href=\"https:\/\/radiofenix.com.ar\/2023\/category\/politica\/\" rel=\"category tag\">Pol\u00edtica<\/a>","tag_info":"Pol\u00edtica","comment_count":"0","_links":{"self":[{"href":"https:\/\/radiofenix.com.ar\/2023\/wp-json\/wp\/v2\/posts\/159879","targetHints":{"allow":["GET"]}}],"collection":[{"href":"https:\/\/radiofenix.com.ar\/2023\/wp-json\/wp\/v2\/posts"}],"about":[{"href":"https:\/\/radiofenix.com.ar\/2023\/wp-json\/wp\/v2\/types\/post"}],"author":[{"embeddable":true,"href":"https:\/\/radiofenix.com.ar\/2023\/wp-json\/wp\/v2\/users\/2"}],"replies":[{"embeddable":true,"href":"https:\/\/radiofenix.com.ar\/2023\/wp-json\/wp\/v2\/comments?post=159879"}],"version-history":[{"count":0,"href":"https:\/\/radiofenix.com.ar\/2023\/wp-json\/wp\/v2\/posts\/159879\/revisions"}],"wp:featuredmedia":[{"embeddable":true,"href":"https:\/\/radiofenix.com.ar\/2023\/wp-json\/"}],"wp:attachment":[{"href":"https:\/\/radiofenix.com.ar\/2023\/wp-json\/wp\/v2\/media?parent=159879"}],"wp:term":[{"taxonomy":"category","embeddable":true,"href":"https:\/\/radiofenix.com.ar\/2023\/wp-json\/wp\/v2\/categories?post=159879"},{"taxonomy":"post_tag","embeddable":true,"href":"https:\/\/radiofenix.com.ar\/2023\/wp-json\/wp\/v2\/tags?post=159879"}],"curies":[{"name":"wp","href":"https:\/\/api.w.org\/{rel}","templated":true}]}}