{"id":159909,"date":"2023-01-20T22:04:09","date_gmt":"2023-01-20T22:04:09","guid":{"rendered":"http:\/\/radiofenix.com.ar\/ibarra-dio-por-finalizado-el-ciclo-de-agustin-rossi-en-boca\/"},"modified":"2023-01-20T22:04:09","modified_gmt":"2023-01-20T22:04:09","slug":"ibarra-dio-por-finalizado-el-ciclo-de-agustin-rossi-en-boca","status":"publish","type":"post","link":"https:\/\/radiofenix.com.ar\/2023\/ibarra-dio-por-finalizado-el-ciclo-de-agustin-rossi-en-boca\/","title":{"rendered":"Ibarra dio por finalizado el ciclo de Agust\u00edn Rossi en Boca"},"content":{"rendered":"<p>El arquero viaj\u00f3 viaj\u00f3 a Abu Dhabi pero no estuvo ni siquiera en el banco de suplentes. \u00abUn equipo de Brasil confirm\u00f3 un precontrato firmado con Rossi y decid\u00ed que este a\u00f1o todos deben estar comprometidos cien por ciento, por eso fue la decisi\u00f3n\u00bb, expres\u00f3 el DT.<\/p>\n","protected":false},"excerpt":{"rendered":"<p>El arquero viaj\u00f3 viaj\u00f3 a Abu Dhabi pero no estuvo ni siquiera en el banco&#8230;<\/p>\n","protected":false},"author":2,"featured_media":159910,"comment_status":"open","ping_status":"open","sticky":false,"template":"","format":"standard","meta":{"footnotes":""},"categories":[3],"tags":[],"class_list":["post-159909","post","type-post","status-publish","format-standard","has-post-thumbnail","hentry","category-deportes"],"featured_image_urls":{"full":"","thumbnail":"","medium":"","medium_large":"","large":"","1536x1536":"","2048x2048":"","newsium-slider-full":"","newsium-featured":"","newsium-medium":""},"author_info":{"info":["c1500921"]},"category_info":"<a href=\"https:\/\/radiofenix.com.ar\/2023\/category\/deportes\/\" rel=\"category tag\">Deportes<\/a>","tag_info":"Deportes","comment_count":"0","_links":{"self":[{"href":"https:\/\/radiofenix.com.ar\/2023\/wp-json\/wp\/v2\/posts\/159909","targetHints":{"allow":["GET"]}}],"collection":[{"href":"https:\/\/radiofenix.com.ar\/2023\/wp-json\/wp\/v2\/posts"}],"about":[{"href":"https:\/\/radiofenix.com.ar\/2023\/wp-json\/wp\/v2\/types\/post"}],"author":[{"embeddable":true,"href":"https:\/\/radiofenix.com.ar\/2023\/wp-json\/wp\/v2\/users\/2"}],"replies":[{"embeddable":true,"href":"https:\/\/radiofenix.com.ar\/2023\/wp-json\/wp\/v2\/comments?post=159909"}],"version-history":[{"count":0,"href":"https:\/\/radiofenix.com.ar\/2023\/wp-json\/wp\/v2\/posts\/159909\/revisions"}],"wp:featuredmedia":[{"embeddable":true,"href":"https:\/\/radiofenix.com.ar\/2023\/wp-json\/"}],"wp:attachment":[{"href":"https:\/\/radiofenix.com.ar\/2023\/wp-json\/wp\/v2\/media?parent=159909"}],"wp:term":[{"taxonomy":"category","embeddable":true,"href":"https:\/\/radiofenix.com.ar\/2023\/wp-json\/wp\/v2\/categories?post=159909"},{"taxonomy":"post_tag","embeddable":true,"href":"https:\/\/radiofenix.com.ar\/2023\/wp-json\/wp\/v2\/tags?post=159909"}],"curies":[{"name":"wp","href":"https:\/\/api.w.org\/{rel}","templated":true}]}}