{"id":159917,"date":"2023-01-21T00:05:00","date_gmt":"2023-01-21T00:05:00","guid":{"rendered":"http:\/\/radiofenix.com.ar\/martin-bossi-estrenara-un-nuevo-show-en-la-ciudad-de-buenos-aires\/"},"modified":"2023-01-21T00:05:00","modified_gmt":"2023-01-21T00:05:00","slug":"martin-bossi-estrenara-un-nuevo-show-en-la-ciudad-de-buenos-aires","status":"publish","type":"post","link":"https:\/\/radiofenix.com.ar\/2023\/martin-bossi-estrenara-un-nuevo-show-en-la-ciudad-de-buenos-aires\/","title":{"rendered":"Mart\u00edn Bossi estrenar\u00e1 un nuevo show en la ciudad de Buenos Aires"},"content":{"rendered":"<p>El comediante presentar\u00e1 el 16 de marzo, con funciones de jueves a domingos,\u00a0\u00abBossi Live Comedy\u00bb, una obra en la que estar\u00e1 acompa\u00f1ado por m\u00e1s de diez artistas en escena y que cuando finalice su temporada porte\u00f1a saldr\u00e1 de gira por Estados Unidos, Espa\u00f1a y Latinoam\u00e9rica.El comediante presentar\u00e1 el 16 de marzo, con funciones de jueves a domingos,\u00a0\u00abBossi Live Comedy\u00bb, una obra en la que estar\u00e1 acompa\u00f1ado por m\u00e1s de diez artistas en escena y que cuando finalice su temporada porte\u00f1a saldr\u00e1 de gira por Estados Unidos, Espa\u00f1a y Latinoam\u00e9rica.<\/p>\n","protected":false},"excerpt":{"rendered":"<p>El comediante presentar\u00e1 el 16 de marzo, con funciones de jueves a domingos,\u00a0\u00abBossi Live Comedy\u00bb,&#8230;<\/p>\n","protected":false},"author":2,"featured_media":159918,"comment_status":"open","ping_status":"open","sticky":false,"template":"","format":"standard","meta":{"footnotes":""},"categories":[4],"tags":[],"class_list":["post-159917","post","type-post","status-publish","format-standard","has-post-thumbnail","hentry","category-espectaculos"],"featured_image_urls":{"full":"","thumbnail":"","medium":"","medium_large":"","large":"","1536x1536":"","2048x2048":"","newsium-slider-full":"","newsium-featured":"","newsium-medium":""},"author_info":{"info":["c1500921"]},"category_info":"<a href=\"https:\/\/radiofenix.com.ar\/2023\/category\/espectaculos\/\" rel=\"category tag\">Espectaculos<\/a>","tag_info":"Espectaculos","comment_count":"0","_links":{"self":[{"href":"https:\/\/radiofenix.com.ar\/2023\/wp-json\/wp\/v2\/posts\/159917","targetHints":{"allow":["GET"]}}],"collection":[{"href":"https:\/\/radiofenix.com.ar\/2023\/wp-json\/wp\/v2\/posts"}],"about":[{"href":"https:\/\/radiofenix.com.ar\/2023\/wp-json\/wp\/v2\/types\/post"}],"author":[{"embeddable":true,"href":"https:\/\/radiofenix.com.ar\/2023\/wp-json\/wp\/v2\/users\/2"}],"replies":[{"embeddable":true,"href":"https:\/\/radiofenix.com.ar\/2023\/wp-json\/wp\/v2\/comments?post=159917"}],"version-history":[{"count":0,"href":"https:\/\/radiofenix.com.ar\/2023\/wp-json\/wp\/v2\/posts\/159917\/revisions"}],"wp:featuredmedia":[{"embeddable":true,"href":"https:\/\/radiofenix.com.ar\/2023\/wp-json\/"}],"wp:attachment":[{"href":"https:\/\/radiofenix.com.ar\/2023\/wp-json\/wp\/v2\/media?parent=159917"}],"wp:term":[{"taxonomy":"category","embeddable":true,"href":"https:\/\/radiofenix.com.ar\/2023\/wp-json\/wp\/v2\/categories?post=159917"},{"taxonomy":"post_tag","embeddable":true,"href":"https:\/\/radiofenix.com.ar\/2023\/wp-json\/wp\/v2\/tags?post=159917"}],"curies":[{"name":"wp","href":"https:\/\/api.w.org\/{rel}","templated":true}]}}