{"id":159921,"date":"2023-01-21T01:04:42","date_gmt":"2023-01-21T01:04:42","guid":{"rendered":"http:\/\/radiofenix.com.ar\/tolosa-paz-participo-de-la-apertura-del-parque-de-las-infancias-de-mar-del-plata\/"},"modified":"2023-01-21T01:04:42","modified_gmt":"2023-01-21T01:04:42","slug":"tolosa-paz-participo-de-la-apertura-del-parque-de-las-infancias-de-mar-del-plata","status":"publish","type":"post","link":"https:\/\/radiofenix.com.ar\/2023\/tolosa-paz-participo-de-la-apertura-del-parque-de-las-infancias-de-mar-del-plata\/","title":{"rendered":"Tolosa Paz particip\u00f3 de la apertura del \u00abParque de las Infancias\u201d de Mar del Plata"},"content":{"rendered":"<p>La ministra encabez\u00f3 el acto junto a sus pares Jorge Taiana,Trist\u00e1n Bauer y Daniel Filmus.\u00a0\u00abEs un orgullo pertenecer a un gobierno que sigue ampliando derechos, que integra, suma y abraza las infancias&amp;rdquo;, indic\u00f3.La ministra encabez\u00f3 el acto junto a sus pares Jorge Taiana,Trist\u00e1n Bauer y Daniel Filmus.\u00a0\u00abEs un orgullo pertenecer a un gobierno que sigue ampliando derechos, que integra, suma y abraza las infancias&amp;rdquo;, indic\u00f3.<\/p>\n","protected":false},"excerpt":{"rendered":"<p>La ministra encabez\u00f3 el acto junto a sus pares Jorge Taiana,Trist\u00e1n Bauer y Daniel Filmus.\u00a0\u00abEs&#8230;<\/p>\n","protected":false},"author":2,"featured_media":159922,"comment_status":"open","ping_status":"open","sticky":false,"template":"","format":"standard","meta":{"footnotes":""},"categories":[2],"tags":[],"class_list":["post-159921","post","type-post","status-publish","format-standard","has-post-thumbnail","hentry","category-politica"],"featured_image_urls":{"full":"","thumbnail":"","medium":"","medium_large":"","large":"","1536x1536":"","2048x2048":"","newsium-slider-full":"","newsium-featured":"","newsium-medium":""},"author_info":{"info":["c1500921"]},"category_info":"<a href=\"https:\/\/radiofenix.com.ar\/2023\/category\/politica\/\" rel=\"category tag\">Pol\u00edtica<\/a>","tag_info":"Pol\u00edtica","comment_count":"0","_links":{"self":[{"href":"https:\/\/radiofenix.com.ar\/2023\/wp-json\/wp\/v2\/posts\/159921","targetHints":{"allow":["GET"]}}],"collection":[{"href":"https:\/\/radiofenix.com.ar\/2023\/wp-json\/wp\/v2\/posts"}],"about":[{"href":"https:\/\/radiofenix.com.ar\/2023\/wp-json\/wp\/v2\/types\/post"}],"author":[{"embeddable":true,"href":"https:\/\/radiofenix.com.ar\/2023\/wp-json\/wp\/v2\/users\/2"}],"replies":[{"embeddable":true,"href":"https:\/\/radiofenix.com.ar\/2023\/wp-json\/wp\/v2\/comments?post=159921"}],"version-history":[{"count":0,"href":"https:\/\/radiofenix.com.ar\/2023\/wp-json\/wp\/v2\/posts\/159921\/revisions"}],"wp:featuredmedia":[{"embeddable":true,"href":"https:\/\/radiofenix.com.ar\/2023\/wp-json\/"}],"wp:attachment":[{"href":"https:\/\/radiofenix.com.ar\/2023\/wp-json\/wp\/v2\/media?parent=159921"}],"wp:term":[{"taxonomy":"category","embeddable":true,"href":"https:\/\/radiofenix.com.ar\/2023\/wp-json\/wp\/v2\/categories?post=159921"},{"taxonomy":"post_tag","embeddable":true,"href":"https:\/\/radiofenix.com.ar\/2023\/wp-json\/wp\/v2\/tags?post=159921"}],"curies":[{"name":"wp","href":"https:\/\/api.w.org\/{rel}","templated":true}]}}