{"id":159927,"date":"2023-01-21T03:04:22","date_gmt":"2023-01-21T03:04:22","guid":{"rendered":"http:\/\/radiofenix.com.ar\/kicillof-entrego-200-escrituras-de-viviendas-en-coronel-vidal\/"},"modified":"2023-01-21T03:04:22","modified_gmt":"2023-01-21T03:04:22","slug":"kicillof-entrego-200-escrituras-de-viviendas-en-coronel-vidal","status":"publish","type":"post","link":"https:\/\/radiofenix.com.ar\/2023\/kicillof-entrego-200-escrituras-de-viviendas-en-coronel-vidal\/","title":{"rendered":"Kicillof entreg\u00f3 200 escrituras de viviendas en Coronel Vidal"},"content":{"rendered":"<p>El gobernador bonaerense remarc\u00f3 en el acto de regularizaci\u00f3n de situaciones dominales en ese distrito que \u00abnuestra gesti\u00f3n en la provincia de Buenos Aires da respuestas ante los problemas habitacionales de la poblaci\u00f3n\u00bb.El gobernador bonaerense remarc\u00f3 en el acto de regularizaci\u00f3n de situaciones dominales en ese distrito que \u00abnuestra gesti\u00f3n en la provincia de Buenos Aires da respuestas ante los problemas habitacionales de la poblaci\u00f3n\u00bb.<\/p>\n","protected":false},"excerpt":{"rendered":"<p>El gobernador bonaerense remarc\u00f3 en el acto de regularizaci\u00f3n de situaciones dominales en ese distrito&#8230;<\/p>\n","protected":false},"author":2,"featured_media":159928,"comment_status":"open","ping_status":"open","sticky":false,"template":"","format":"standard","meta":{"footnotes":""},"categories":[2],"tags":[],"class_list":["post-159927","post","type-post","status-publish","format-standard","has-post-thumbnail","hentry","category-politica"],"featured_image_urls":{"full":"","thumbnail":"","medium":"","medium_large":"","large":"","1536x1536":"","2048x2048":"","newsium-slider-full":"","newsium-featured":"","newsium-medium":""},"author_info":{"info":["c1500921"]},"category_info":"<a href=\"https:\/\/radiofenix.com.ar\/2023\/category\/politica\/\" rel=\"category tag\">Pol\u00edtica<\/a>","tag_info":"Pol\u00edtica","comment_count":"0","_links":{"self":[{"href":"https:\/\/radiofenix.com.ar\/2023\/wp-json\/wp\/v2\/posts\/159927","targetHints":{"allow":["GET"]}}],"collection":[{"href":"https:\/\/radiofenix.com.ar\/2023\/wp-json\/wp\/v2\/posts"}],"about":[{"href":"https:\/\/radiofenix.com.ar\/2023\/wp-json\/wp\/v2\/types\/post"}],"author":[{"embeddable":true,"href":"https:\/\/radiofenix.com.ar\/2023\/wp-json\/wp\/v2\/users\/2"}],"replies":[{"embeddable":true,"href":"https:\/\/radiofenix.com.ar\/2023\/wp-json\/wp\/v2\/comments?post=159927"}],"version-history":[{"count":0,"href":"https:\/\/radiofenix.com.ar\/2023\/wp-json\/wp\/v2\/posts\/159927\/revisions"}],"wp:featuredmedia":[{"embeddable":true,"href":"https:\/\/radiofenix.com.ar\/2023\/wp-json\/"}],"wp:attachment":[{"href":"https:\/\/radiofenix.com.ar\/2023\/wp-json\/wp\/v2\/media?parent=159927"}],"wp:term":[{"taxonomy":"category","embeddable":true,"href":"https:\/\/radiofenix.com.ar\/2023\/wp-json\/wp\/v2\/categories?post=159927"},{"taxonomy":"post_tag","embeddable":true,"href":"https:\/\/radiofenix.com.ar\/2023\/wp-json\/wp\/v2\/tags?post=159927"}],"curies":[{"name":"wp","href":"https:\/\/api.w.org\/{rel}","templated":true}]}}