{"id":159939,"date":"2023-01-21T15:04:01","date_gmt":"2023-01-21T15:04:01","guid":{"rendered":"http:\/\/radiofenix.com.ar\/la-onu-constato-un-enorme-retroceso-en-los-derechos-de-las-mujeres-en-afganistan\/"},"modified":"2023-01-21T15:04:01","modified_gmt":"2023-01-21T15:04:01","slug":"la-onu-constato-un-enorme-retroceso-en-los-derechos-de-las-mujeres-en-afganistan","status":"publish","type":"post","link":"https:\/\/radiofenix.com.ar\/2023\/la-onu-constato-un-enorme-retroceso-en-los-derechos-de-las-mujeres-en-afganistan\/","title":{"rendered":"La ONU constat\u00f3 un \u00abenorme retroceso\u00bb en los derechos de las mujeres en Afganist\u00e1n"},"content":{"rendered":"<p>Farhan Haq, vocero adjunto del secretario general, dijo que\u00a0\u00abest\u00e1 muy claro que lo que hemos visto en t\u00e9rminos de derechos b\u00e1sicos para las mujeres y las ni\u00f1as es un enorme paso atr\u00e1s\u00bb\u00a0desde la llegada de los talibanes al poder.Farhan Haq, vocero adjunto del secretario general, dijo que\u00a0\u00abest\u00e1 muy claro que lo que hemos visto en t\u00e9rminos de derechos b\u00e1sicos para las mujeres y las ni\u00f1as es un enorme paso atr\u00e1s\u00bb\u00a0desde la llegada de los talibanes al poder.<\/p>\n","protected":false},"excerpt":{"rendered":"<p>Farhan Haq, vocero adjunto del secretario general, dijo que\u00a0\u00abest\u00e1 muy claro que lo que hemos&#8230;<\/p>\n","protected":false},"author":2,"featured_media":159940,"comment_status":"open","ping_status":"open","sticky":false,"template":"","format":"standard","meta":{"footnotes":""},"categories":[2],"tags":[],"class_list":["post-159939","post","type-post","status-publish","format-standard","has-post-thumbnail","hentry","category-politica"],"featured_image_urls":{"full":"","thumbnail":"","medium":"","medium_large":"","large":"","1536x1536":"","2048x2048":"","newsium-slider-full":"","newsium-featured":"","newsium-medium":""},"author_info":{"info":["c1500921"]},"category_info":"<a href=\"https:\/\/radiofenix.com.ar\/2023\/category\/politica\/\" rel=\"category tag\">Pol\u00edtica<\/a>","tag_info":"Pol\u00edtica","comment_count":"0","_links":{"self":[{"href":"https:\/\/radiofenix.com.ar\/2023\/wp-json\/wp\/v2\/posts\/159939","targetHints":{"allow":["GET"]}}],"collection":[{"href":"https:\/\/radiofenix.com.ar\/2023\/wp-json\/wp\/v2\/posts"}],"about":[{"href":"https:\/\/radiofenix.com.ar\/2023\/wp-json\/wp\/v2\/types\/post"}],"author":[{"embeddable":true,"href":"https:\/\/radiofenix.com.ar\/2023\/wp-json\/wp\/v2\/users\/2"}],"replies":[{"embeddable":true,"href":"https:\/\/radiofenix.com.ar\/2023\/wp-json\/wp\/v2\/comments?post=159939"}],"version-history":[{"count":0,"href":"https:\/\/radiofenix.com.ar\/2023\/wp-json\/wp\/v2\/posts\/159939\/revisions"}],"wp:featuredmedia":[{"embeddable":true,"href":"https:\/\/radiofenix.com.ar\/2023\/wp-json\/"}],"wp:attachment":[{"href":"https:\/\/radiofenix.com.ar\/2023\/wp-json\/wp\/v2\/media?parent=159939"}],"wp:term":[{"taxonomy":"category","embeddable":true,"href":"https:\/\/radiofenix.com.ar\/2023\/wp-json\/wp\/v2\/categories?post=159939"},{"taxonomy":"post_tag","embeddable":true,"href":"https:\/\/radiofenix.com.ar\/2023\/wp-json\/wp\/v2\/tags?post=159939"}],"curies":[{"name":"wp","href":"https:\/\/api.w.org\/{rel}","templated":true}]}}