{"id":159943,"date":"2023-01-21T15:04:03","date_gmt":"2023-01-21T15:04:03","guid":{"rendered":"http:\/\/radiofenix.com.ar\/rossi-jugara-seis-meses-a-prestamo-en-el-equipo-de-cristiano-ronaldo\/"},"modified":"2023-01-21T15:04:03","modified_gmt":"2023-01-21T15:04:03","slug":"rossi-jugara-seis-meses-a-prestamo-en-el-equipo-de-cristiano-ronaldo","status":"publish","type":"post","link":"https:\/\/radiofenix.com.ar\/2023\/rossi-jugara-seis-meses-a-prestamo-en-el-equipo-de-cristiano-ronaldo\/","title":{"rendered":"Rossi jugar\u00e1 seis meses a pr\u00e9stamo en el equipo de Cristiano Ronaldo"},"content":{"rendered":"<p>El arquero, de 27 a\u00f1os, se despidi\u00f3 de la delegaci\u00f3n \u00abxeneize\u00bb y\u00a0jugar\u00e1 cedido hasta el 30 de junio en el Al Nassr de Arabia Saudita.<\/p>\n","protected":false},"excerpt":{"rendered":"<p>El arquero, de 27 a\u00f1os, se despidi\u00f3 de la delegaci\u00f3n \u00abxeneize\u00bb y\u00a0jugar\u00e1 cedido hasta el&#8230;<\/p>\n","protected":false},"author":2,"featured_media":159944,"comment_status":"open","ping_status":"open","sticky":false,"template":"","format":"standard","meta":{"footnotes":""},"categories":[3],"tags":[],"class_list":["post-159943","post","type-post","status-publish","format-standard","has-post-thumbnail","hentry","category-deportes"],"featured_image_urls":{"full":"","thumbnail":"","medium":"","medium_large":"","large":"","1536x1536":"","2048x2048":"","newsium-slider-full":"","newsium-featured":"","newsium-medium":""},"author_info":{"info":["c1500921"]},"category_info":"<a href=\"https:\/\/radiofenix.com.ar\/2023\/category\/deportes\/\" rel=\"category tag\">Deportes<\/a>","tag_info":"Deportes","comment_count":"0","_links":{"self":[{"href":"https:\/\/radiofenix.com.ar\/2023\/wp-json\/wp\/v2\/posts\/159943","targetHints":{"allow":["GET"]}}],"collection":[{"href":"https:\/\/radiofenix.com.ar\/2023\/wp-json\/wp\/v2\/posts"}],"about":[{"href":"https:\/\/radiofenix.com.ar\/2023\/wp-json\/wp\/v2\/types\/post"}],"author":[{"embeddable":true,"href":"https:\/\/radiofenix.com.ar\/2023\/wp-json\/wp\/v2\/users\/2"}],"replies":[{"embeddable":true,"href":"https:\/\/radiofenix.com.ar\/2023\/wp-json\/wp\/v2\/comments?post=159943"}],"version-history":[{"count":0,"href":"https:\/\/radiofenix.com.ar\/2023\/wp-json\/wp\/v2\/posts\/159943\/revisions"}],"wp:featuredmedia":[{"embeddable":true,"href":"https:\/\/radiofenix.com.ar\/2023\/wp-json\/"}],"wp:attachment":[{"href":"https:\/\/radiofenix.com.ar\/2023\/wp-json\/wp\/v2\/media?parent=159943"}],"wp:term":[{"taxonomy":"category","embeddable":true,"href":"https:\/\/radiofenix.com.ar\/2023\/wp-json\/wp\/v2\/categories?post=159943"},{"taxonomy":"post_tag","embeddable":true,"href":"https:\/\/radiofenix.com.ar\/2023\/wp-json\/wp\/v2\/tags?post=159943"}],"curies":[{"name":"wp","href":"https:\/\/api.w.org\/{rel}","templated":true}]}}