{"id":160183,"date":"2023-01-23T23:57:00","date_gmt":"2023-01-23T23:57:00","guid":{"rendered":"http:\/\/radiofenix.com.ar\/maria-becerra-bizarrap-y-nicki-nicole-entre-los-candidatos-a-los-premios-lo-nuestro-2023\/"},"modified":"2023-01-23T23:57:00","modified_gmt":"2023-01-23T23:57:00","slug":"maria-becerra-bizarrap-y-nicki-nicole-entre-los-candidatos-a-los-premios-lo-nuestro-2023","status":"publish","type":"post","link":"https:\/\/radiofenix.com.ar\/2023\/maria-becerra-bizarrap-y-nicki-nicole-entre-los-candidatos-a-los-premios-lo-nuestro-2023\/","title":{"rendered":"Mar\u00eda Becerra, Bizarrap y Nicki Nicole, entre los candidatos a los Premios Lo Nuestro 2023"},"content":{"rendered":"<p>De cara a una ceremonia que se realizar\u00e1 en el estadio Miami-Dade Arena y que ser\u00e1 definida por el voto virtual del p\u00fablico, la organizaci\u00f3n dio a conocer a los nominados para esta 35\u00b0 edici\u00f3n que contar\u00e1 con una nutrida presencia argentina.De cara a una ceremonia que se realizar\u00e1 en el estadio Miami-Dade Arena y que ser\u00e1 definida por el voto virtual del p\u00fablico, la organizaci\u00f3n dio a conocer a los nominados para esta 35\u00b0 edici\u00f3n que contar\u00e1 con una nutrida presencia argentina.<\/p>\n","protected":false},"excerpt":{"rendered":"<p>De cara a una ceremonia que se realizar\u00e1 en el estadio Miami-Dade Arena y que&#8230;<\/p>\n","protected":false},"author":2,"featured_media":160184,"comment_status":"open","ping_status":"open","sticky":false,"template":"","format":"standard","meta":{"footnotes":""},"categories":[4],"tags":[],"class_list":["post-160183","post","type-post","status-publish","format-standard","has-post-thumbnail","hentry","category-espectaculos"],"featured_image_urls":{"full":"","thumbnail":"","medium":"","medium_large":"","large":"","1536x1536":"","2048x2048":"","newsium-slider-full":"","newsium-featured":"","newsium-medium":""},"author_info":{"info":["c1500921"]},"category_info":"<a href=\"https:\/\/radiofenix.com.ar\/2023\/category\/espectaculos\/\" rel=\"category tag\">Espectaculos<\/a>","tag_info":"Espectaculos","comment_count":"0","_links":{"self":[{"href":"https:\/\/radiofenix.com.ar\/2023\/wp-json\/wp\/v2\/posts\/160183","targetHints":{"allow":["GET"]}}],"collection":[{"href":"https:\/\/radiofenix.com.ar\/2023\/wp-json\/wp\/v2\/posts"}],"about":[{"href":"https:\/\/radiofenix.com.ar\/2023\/wp-json\/wp\/v2\/types\/post"}],"author":[{"embeddable":true,"href":"https:\/\/radiofenix.com.ar\/2023\/wp-json\/wp\/v2\/users\/2"}],"replies":[{"embeddable":true,"href":"https:\/\/radiofenix.com.ar\/2023\/wp-json\/wp\/v2\/comments?post=160183"}],"version-history":[{"count":0,"href":"https:\/\/radiofenix.com.ar\/2023\/wp-json\/wp\/v2\/posts\/160183\/revisions"}],"wp:featuredmedia":[{"embeddable":true,"href":"https:\/\/radiofenix.com.ar\/2023\/wp-json\/"}],"wp:attachment":[{"href":"https:\/\/radiofenix.com.ar\/2023\/wp-json\/wp\/v2\/media?parent=160183"}],"wp:term":[{"taxonomy":"category","embeddable":true,"href":"https:\/\/radiofenix.com.ar\/2023\/wp-json\/wp\/v2\/categories?post=160183"},{"taxonomy":"post_tag","embeddable":true,"href":"https:\/\/radiofenix.com.ar\/2023\/wp-json\/wp\/v2\/tags?post=160183"}],"curies":[{"name":"wp","href":"https:\/\/api.w.org\/{rel}","templated":true}]}}