{"id":160189,"date":"2023-01-23T22:11:00","date_gmt":"2023-01-23T22:11:00","guid":{"rendered":"http:\/\/radiofenix.com.ar\/avatar-el-camino-del-agua-sexto-filme-en-superar-los-2-000-millones-de-dolares\/"},"modified":"2023-01-23T22:11:00","modified_gmt":"2023-01-23T22:11:00","slug":"avatar-el-camino-del-agua-sexto-filme-en-superar-los-2-000-millones-de-dolares","status":"publish","type":"post","link":"https:\/\/radiofenix.com.ar\/2023\/avatar-el-camino-del-agua-sexto-filme-en-superar-los-2-000-millones-de-dolares\/","title":{"rendered":"\u00abAvatar: El camino del agua\u00bb: sexto filme en superar los 2.000 millones de d\u00f3lares"},"content":{"rendered":"<p>Este hito tambi\u00e9n involucra personalmente a su director James Cameron, que con este logro ubica a tres de sus producciones en el selecto grupo de seis pel\u00edculas en superar esa cifra en la taquilla, seg\u00fan destaca el sitio especializado Variety.Este hito tambi\u00e9n involucra personalmente a su director James Cameron, que con este logro ubica a tres de sus producciones en el selecto grupo de seis pel\u00edculas en superar esa cifra en la taquilla, seg\u00fan destaca el sitio especializado Variety.<\/p>\n","protected":false},"excerpt":{"rendered":"<p>Este hito tambi\u00e9n involucra personalmente a su director James Cameron, que con este logro ubica&#8230;<\/p>\n","protected":false},"author":2,"featured_media":160190,"comment_status":"open","ping_status":"open","sticky":false,"template":"","format":"standard","meta":{"footnotes":""},"categories":[4],"tags":[],"class_list":["post-160189","post","type-post","status-publish","format-standard","has-post-thumbnail","hentry","category-espectaculos"],"featured_image_urls":{"full":"","thumbnail":"","medium":"","medium_large":"","large":"","1536x1536":"","2048x2048":"","newsium-slider-full":"","newsium-featured":"","newsium-medium":""},"author_info":{"info":["c1500921"]},"category_info":"<a href=\"https:\/\/radiofenix.com.ar\/2023\/category\/espectaculos\/\" rel=\"category tag\">Espectaculos<\/a>","tag_info":"Espectaculos","comment_count":"0","_links":{"self":[{"href":"https:\/\/radiofenix.com.ar\/2023\/wp-json\/wp\/v2\/posts\/160189","targetHints":{"allow":["GET"]}}],"collection":[{"href":"https:\/\/radiofenix.com.ar\/2023\/wp-json\/wp\/v2\/posts"}],"about":[{"href":"https:\/\/radiofenix.com.ar\/2023\/wp-json\/wp\/v2\/types\/post"}],"author":[{"embeddable":true,"href":"https:\/\/radiofenix.com.ar\/2023\/wp-json\/wp\/v2\/users\/2"}],"replies":[{"embeddable":true,"href":"https:\/\/radiofenix.com.ar\/2023\/wp-json\/wp\/v2\/comments?post=160189"}],"version-history":[{"count":0,"href":"https:\/\/radiofenix.com.ar\/2023\/wp-json\/wp\/v2\/posts\/160189\/revisions"}],"wp:featuredmedia":[{"embeddable":true,"href":"https:\/\/radiofenix.com.ar\/2023\/wp-json\/"}],"wp:attachment":[{"href":"https:\/\/radiofenix.com.ar\/2023\/wp-json\/wp\/v2\/media?parent=160189"}],"wp:term":[{"taxonomy":"category","embeddable":true,"href":"https:\/\/radiofenix.com.ar\/2023\/wp-json\/wp\/v2\/categories?post=160189"},{"taxonomy":"post_tag","embeddable":true,"href":"https:\/\/radiofenix.com.ar\/2023\/wp-json\/wp\/v2\/tags?post=160189"}],"curies":[{"name":"wp","href":"https:\/\/api.w.org\/{rel}","templated":true}]}}