{"id":160201,"date":"2023-01-23T23:45:00","date_gmt":"2023-01-23T23:45:00","guid":{"rendered":"http:\/\/radiofenix.com.ar\/fernandez-y-lula-encabezaron-un-encuentro-con-mas-de-300-empresarios-de-ambos-paises\/"},"modified":"2023-01-23T23:45:00","modified_gmt":"2023-01-23T23:45:00","slug":"fernandez-y-lula-encabezaron-un-encuentro-con-mas-de-300-empresarios-de-ambos-paises","status":"publish","type":"post","link":"https:\/\/radiofenix.com.ar\/2023\/fernandez-y-lula-encabezaron-un-encuentro-con-mas-de-300-empresarios-de-ambos-paises\/","title":{"rendered":"Fern\u00e1ndez y Lula encabezaron un encuentro con m\u00e1s de 300 empresarios de ambos pa\u00edses"},"content":{"rendered":"<p>Los mandatarios abrieron la actividad que congreg\u00f3 a representantes de grandes compa\u00f1\u00edas, de pymes, de asociaciones y c\u00e1maras de empresas de Argentina y Brasil, as\u00ed como a sindicatos y entidades de servicios financieros y de la econom\u00eda del conocimiento.<\/p>\n","protected":false},"excerpt":{"rendered":"<p>Los mandatarios abrieron la actividad que congreg\u00f3 a representantes de grandes compa\u00f1\u00edas, de pymes, de&#8230;<\/p>\n","protected":false},"author":2,"featured_media":160202,"comment_status":"open","ping_status":"open","sticky":false,"template":"","format":"standard","meta":{"footnotes":""},"categories":[5],"tags":[],"class_list":["post-160201","post","type-post","status-publish","format-standard","has-post-thumbnail","hentry","category-economia"],"featured_image_urls":{"full":"","thumbnail":"","medium":"","medium_large":"","large":"","1536x1536":"","2048x2048":"","newsium-slider-full":"","newsium-featured":"","newsium-medium":""},"author_info":{"info":["c1500921"]},"category_info":"<a href=\"https:\/\/radiofenix.com.ar\/2023\/category\/economia\/\" rel=\"category tag\">Economia<\/a>","tag_info":"Economia","comment_count":"0","_links":{"self":[{"href":"https:\/\/radiofenix.com.ar\/2023\/wp-json\/wp\/v2\/posts\/160201","targetHints":{"allow":["GET"]}}],"collection":[{"href":"https:\/\/radiofenix.com.ar\/2023\/wp-json\/wp\/v2\/posts"}],"about":[{"href":"https:\/\/radiofenix.com.ar\/2023\/wp-json\/wp\/v2\/types\/post"}],"author":[{"embeddable":true,"href":"https:\/\/radiofenix.com.ar\/2023\/wp-json\/wp\/v2\/users\/2"}],"replies":[{"embeddable":true,"href":"https:\/\/radiofenix.com.ar\/2023\/wp-json\/wp\/v2\/comments?post=160201"}],"version-history":[{"count":0,"href":"https:\/\/radiofenix.com.ar\/2023\/wp-json\/wp\/v2\/posts\/160201\/revisions"}],"wp:featuredmedia":[{"embeddable":true,"href":"https:\/\/radiofenix.com.ar\/2023\/wp-json\/"}],"wp:attachment":[{"href":"https:\/\/radiofenix.com.ar\/2023\/wp-json\/wp\/v2\/media?parent=160201"}],"wp:term":[{"taxonomy":"category","embeddable":true,"href":"https:\/\/radiofenix.com.ar\/2023\/wp-json\/wp\/v2\/categories?post=160201"},{"taxonomy":"post_tag","embeddable":true,"href":"https:\/\/radiofenix.com.ar\/2023\/wp-json\/wp\/v2\/tags?post=160201"}],"curies":[{"name":"wp","href":"https:\/\/api.w.org\/{rel}","templated":true}]}}