{"id":160265,"date":"2023-01-24T16:49:00","date_gmt":"2023-01-24T16:49:00","guid":{"rendered":"http:\/\/radiofenix.com.ar\/cabrera-reivindico-la-potencia-de-la-poesia-y-la-cancion-2\/"},"modified":"2023-01-24T16:49:00","modified_gmt":"2023-01-24T16:49:00","slug":"cabrera-reivindico-la-potencia-de-la-poesia-y-la-cancion-2","status":"publish","type":"post","link":"https:\/\/radiofenix.com.ar\/2023\/cabrera-reivindico-la-potencia-de-la-poesia-y-la-cancion-2\/","title":{"rendered":"Cabrera reivindic\u00f3 la potencia de la poes\u00eda y la canci\u00f3n"},"content":{"rendered":"<p>El espect\u00e1culo se realiz\u00f3 en un marco ideal para celebrar\u00a0los 10 a\u00f1os de \u00abIntro\u00bb, un material que re\u00fane su primer libro de poes\u00eda y un DVD con un recital registrado en los hist\u00f3ricos Estudios Ion.El espect\u00e1culo se realiz\u00f3 en un marco ideal para celebrar\u00a0los 10 a\u00f1os de \u00abIntro\u00bb, un material que re\u00fane su primer libro de poes\u00eda y un DVD con un recital registrado en los hist\u00f3ricos Estudios Ion.<\/p>\n","protected":false},"excerpt":{"rendered":"<p>El espect\u00e1culo se realiz\u00f3 en un marco ideal para celebrar\u00a0los 10 a\u00f1os de \u00abIntro\u00bb, un&#8230;<\/p>\n","protected":false},"author":2,"featured_media":160266,"comment_status":"open","ping_status":"open","sticky":false,"template":"","format":"standard","meta":{"footnotes":""},"categories":[4],"tags":[],"class_list":["post-160265","post","type-post","status-publish","format-standard","has-post-thumbnail","hentry","category-espectaculos"],"featured_image_urls":{"full":"","thumbnail":"","medium":"","medium_large":"","large":"","1536x1536":"","2048x2048":"","newsium-slider-full":"","newsium-featured":"","newsium-medium":""},"author_info":{"info":["c1500921"]},"category_info":"<a href=\"https:\/\/radiofenix.com.ar\/2023\/category\/espectaculos\/\" rel=\"category tag\">Espectaculos<\/a>","tag_info":"Espectaculos","comment_count":"0","_links":{"self":[{"href":"https:\/\/radiofenix.com.ar\/2023\/wp-json\/wp\/v2\/posts\/160265","targetHints":{"allow":["GET"]}}],"collection":[{"href":"https:\/\/radiofenix.com.ar\/2023\/wp-json\/wp\/v2\/posts"}],"about":[{"href":"https:\/\/radiofenix.com.ar\/2023\/wp-json\/wp\/v2\/types\/post"}],"author":[{"embeddable":true,"href":"https:\/\/radiofenix.com.ar\/2023\/wp-json\/wp\/v2\/users\/2"}],"replies":[{"embeddable":true,"href":"https:\/\/radiofenix.com.ar\/2023\/wp-json\/wp\/v2\/comments?post=160265"}],"version-history":[{"count":0,"href":"https:\/\/radiofenix.com.ar\/2023\/wp-json\/wp\/v2\/posts\/160265\/revisions"}],"wp:featuredmedia":[{"embeddable":true,"href":"https:\/\/radiofenix.com.ar\/2023\/wp-json\/"}],"wp:attachment":[{"href":"https:\/\/radiofenix.com.ar\/2023\/wp-json\/wp\/v2\/media?parent=160265"}],"wp:term":[{"taxonomy":"category","embeddable":true,"href":"https:\/\/radiofenix.com.ar\/2023\/wp-json\/wp\/v2\/categories?post=160265"},{"taxonomy":"post_tag","embeddable":true,"href":"https:\/\/radiofenix.com.ar\/2023\/wp-json\/wp\/v2\/tags?post=160265"}],"curies":[{"name":"wp","href":"https:\/\/api.w.org\/{rel}","templated":true}]}}