{"id":160267,"date":"2023-01-24T17:04:47","date_gmt":"2023-01-24T17:04:47","guid":{"rendered":"http:\/\/radiofenix.com.ar\/scioli-el-proyecto-de-moneda-comun-busca-potenciar-el-comercio-bilateral\/"},"modified":"2023-01-24T17:04:47","modified_gmt":"2023-01-24T17:04:47","slug":"scioli-el-proyecto-de-moneda-comun-busca-potenciar-el-comercio-bilateral","status":"publish","type":"post","link":"https:\/\/radiofenix.com.ar\/2023\/scioli-el-proyecto-de-moneda-comun-busca-potenciar-el-comercio-bilateral\/","title":{"rendered":"Scioli: el proyecto de moneda com\u00fan \u00abbusca potenciar el comercio bilateral\u00bb"},"content":{"rendered":"<p>\u00abLa experiencia con Brasil es tratar de hacer alg\u00fan aporte para proyectarlo. De eso se trata, que esta armon\u00eda y afinidad ideol\u00f3gica y pol\u00edtica se vuelque en cosas concretas\u00bb, asegur\u00f3 el embrajador argentino en Brasil en el marco de la Celac.\u00bbLa experiencia con Brasil es tratar de hacer alg\u00fan aporte para proyectarlo. De eso se trata, que esta armon\u00eda y afinidad ideol\u00f3gica y pol\u00edtica se vuelque en cosas concretas\u00bb, asegur\u00f3 el embrajador argentino en Brasil en el marco de la Celac.<\/p>\n","protected":false},"excerpt":{"rendered":"<p>\u00abLa experiencia con Brasil es tratar de hacer alg\u00fan aporte para proyectarlo. De eso se&#8230;<\/p>\n","protected":false},"author":2,"featured_media":160268,"comment_status":"open","ping_status":"open","sticky":false,"template":"","format":"standard","meta":{"footnotes":""},"categories":[2],"tags":[],"class_list":["post-160267","post","type-post","status-publish","format-standard","has-post-thumbnail","hentry","category-politica"],"featured_image_urls":{"full":"","thumbnail":"","medium":"","medium_large":"","large":"","1536x1536":"","2048x2048":"","newsium-slider-full":"","newsium-featured":"","newsium-medium":""},"author_info":{"info":["c1500921"]},"category_info":"<a href=\"https:\/\/radiofenix.com.ar\/2023\/category\/politica\/\" rel=\"category tag\">Pol\u00edtica<\/a>","tag_info":"Pol\u00edtica","comment_count":"0","_links":{"self":[{"href":"https:\/\/radiofenix.com.ar\/2023\/wp-json\/wp\/v2\/posts\/160267","targetHints":{"allow":["GET"]}}],"collection":[{"href":"https:\/\/radiofenix.com.ar\/2023\/wp-json\/wp\/v2\/posts"}],"about":[{"href":"https:\/\/radiofenix.com.ar\/2023\/wp-json\/wp\/v2\/types\/post"}],"author":[{"embeddable":true,"href":"https:\/\/radiofenix.com.ar\/2023\/wp-json\/wp\/v2\/users\/2"}],"replies":[{"embeddable":true,"href":"https:\/\/radiofenix.com.ar\/2023\/wp-json\/wp\/v2\/comments?post=160267"}],"version-history":[{"count":0,"href":"https:\/\/radiofenix.com.ar\/2023\/wp-json\/wp\/v2\/posts\/160267\/revisions"}],"wp:featuredmedia":[{"embeddable":true,"href":"https:\/\/radiofenix.com.ar\/2023\/wp-json\/"}],"wp:attachment":[{"href":"https:\/\/radiofenix.com.ar\/2023\/wp-json\/wp\/v2\/media?parent=160267"}],"wp:term":[{"taxonomy":"category","embeddable":true,"href":"https:\/\/radiofenix.com.ar\/2023\/wp-json\/wp\/v2\/categories?post=160267"},{"taxonomy":"post_tag","embeddable":true,"href":"https:\/\/radiofenix.com.ar\/2023\/wp-json\/wp\/v2\/tags?post=160267"}],"curies":[{"name":"wp","href":"https:\/\/api.w.org\/{rel}","templated":true}]}}