{"id":160271,"date":"2023-01-24T17:04:49","date_gmt":"2023-01-24T17:04:49","guid":{"rendered":"http:\/\/radiofenix.com.ar\/fernandez-pidio-fortalecer-la-institucionalidad-ante-una-derecha-recalcitrante-3\/"},"modified":"2023-01-24T17:04:49","modified_gmt":"2023-01-24T17:04:49","slug":"fernandez-pidio-fortalecer-la-institucionalidad-ante-una-derecha-recalcitrante-3","status":"publish","type":"post","link":"https:\/\/radiofenix.com.ar\/2023\/fernandez-pidio-fortalecer-la-institucionalidad-ante-una-derecha-recalcitrante-3\/","title":{"rendered":"Fern\u00e1ndez pidi\u00f3 fortalecer \u00abla institucionalidad ante una derecha recalcitrante\u00bb"},"content":{"rendered":"<p>El Presidente destac\u00f3 que\u00a0&amp;ldquo;en un a\u00f1o dif\u00edcil Argentina llev\u00f3 la voz cantante de la regi\u00f3n en el mundo\u00bb\u00a0durante el ejercicio de la presidencia pro tempore de la Comunidad de Estados Latinoamericanos y Caribe\u00f1os. Y celebr\u00f3 el retorno de Brasil al bloque regional.El Presidente destac\u00f3 que\u00a0&amp;ldquo;en un a\u00f1o dif\u00edcil Argentina llev\u00f3 la voz cantante de la regi\u00f3n en el mundo\u00bb\u00a0durante el ejercicio de la presidencia pro tempore de la Comunidad de Estados Latinoamericanos y Caribe\u00f1os. Y celebr\u00f3 el retorno de Brasil al bloque regional.<\/p>\n","protected":false},"excerpt":{"rendered":"<p>El Presidente destac\u00f3 que\u00a0&amp;ldquo;en un a\u00f1o dif\u00edcil Argentina llev\u00f3 la voz cantante de la regi\u00f3n&#8230;<\/p>\n","protected":false},"author":2,"featured_media":160272,"comment_status":"open","ping_status":"open","sticky":false,"template":"","format":"standard","meta":{"footnotes":""},"categories":[2],"tags":[],"class_list":["post-160271","post","type-post","status-publish","format-standard","has-post-thumbnail","hentry","category-politica"],"featured_image_urls":{"full":"","thumbnail":"","medium":"","medium_large":"","large":"","1536x1536":"","2048x2048":"","newsium-slider-full":"","newsium-featured":"","newsium-medium":""},"author_info":{"info":["c1500921"]},"category_info":"<a href=\"https:\/\/radiofenix.com.ar\/2023\/category\/politica\/\" rel=\"category tag\">Pol\u00edtica<\/a>","tag_info":"Pol\u00edtica","comment_count":"0","_links":{"self":[{"href":"https:\/\/radiofenix.com.ar\/2023\/wp-json\/wp\/v2\/posts\/160271","targetHints":{"allow":["GET"]}}],"collection":[{"href":"https:\/\/radiofenix.com.ar\/2023\/wp-json\/wp\/v2\/posts"}],"about":[{"href":"https:\/\/radiofenix.com.ar\/2023\/wp-json\/wp\/v2\/types\/post"}],"author":[{"embeddable":true,"href":"https:\/\/radiofenix.com.ar\/2023\/wp-json\/wp\/v2\/users\/2"}],"replies":[{"embeddable":true,"href":"https:\/\/radiofenix.com.ar\/2023\/wp-json\/wp\/v2\/comments?post=160271"}],"version-history":[{"count":0,"href":"https:\/\/radiofenix.com.ar\/2023\/wp-json\/wp\/v2\/posts\/160271\/revisions"}],"wp:featuredmedia":[{"embeddable":true,"href":"https:\/\/radiofenix.com.ar\/2023\/wp-json\/"}],"wp:attachment":[{"href":"https:\/\/radiofenix.com.ar\/2023\/wp-json\/wp\/v2\/media?parent=160271"}],"wp:term":[{"taxonomy":"category","embeddable":true,"href":"https:\/\/radiofenix.com.ar\/2023\/wp-json\/wp\/v2\/categories?post=160271"},{"taxonomy":"post_tag","embeddable":true,"href":"https:\/\/radiofenix.com.ar\/2023\/wp-json\/wp\/v2\/tags?post=160271"}],"curies":[{"name":"wp","href":"https:\/\/api.w.org\/{rel}","templated":true}]}}