{"id":160273,"date":"2023-01-24T17:04:50","date_gmt":"2023-01-24T17:04:50","guid":{"rendered":"http:\/\/radiofenix.com.ar\/cafiero-destaco-la-labor-de-argentina-como-presidente-de-la-celac\/"},"modified":"2023-01-24T17:04:50","modified_gmt":"2023-01-24T17:04:50","slug":"cafiero-destaco-la-labor-de-argentina-como-presidente-de-la-celac","status":"publish","type":"post","link":"https:\/\/radiofenix.com.ar\/2023\/cafiero-destaco-la-labor-de-argentina-como-presidente-de-la-celac\/","title":{"rendered":"Cafiero destac\u00f3 la labor de Argentina como presidente de la Celac"},"content":{"rendered":"<p>El Canciller afirm\u00f3 que en la jornada se presentar\u00e1n \u00ab100 puntos consensuados y 11 declaraciones especiales, todas por consenso\u00bb, que fueron \u00abfruto del di\u00e1logo y respeto al multilateralismo solidarios\u00bbEl Canciller afirm\u00f3 que en la jornada se presentar\u00e1n \u00ab100 puntos consensuados y 11 declaraciones especiales, todas por consenso\u00bb, que fueron \u00abfruto del di\u00e1logo y respeto al multilateralismo solidarios\u00bb<\/p>\n","protected":false},"excerpt":{"rendered":"<p>El Canciller afirm\u00f3 que en la jornada se presentar\u00e1n \u00ab100 puntos consensuados y 11 declaraciones&#8230;<\/p>\n","protected":false},"author":2,"featured_media":160274,"comment_status":"open","ping_status":"open","sticky":false,"template":"","format":"standard","meta":{"footnotes":""},"categories":[2],"tags":[],"class_list":["post-160273","post","type-post","status-publish","format-standard","has-post-thumbnail","hentry","category-politica"],"featured_image_urls":{"full":"","thumbnail":"","medium":"","medium_large":"","large":"","1536x1536":"","2048x2048":"","newsium-slider-full":"","newsium-featured":"","newsium-medium":""},"author_info":{"info":["c1500921"]},"category_info":"<a href=\"https:\/\/radiofenix.com.ar\/2023\/category\/politica\/\" rel=\"category tag\">Pol\u00edtica<\/a>","tag_info":"Pol\u00edtica","comment_count":"0","_links":{"self":[{"href":"https:\/\/radiofenix.com.ar\/2023\/wp-json\/wp\/v2\/posts\/160273","targetHints":{"allow":["GET"]}}],"collection":[{"href":"https:\/\/radiofenix.com.ar\/2023\/wp-json\/wp\/v2\/posts"}],"about":[{"href":"https:\/\/radiofenix.com.ar\/2023\/wp-json\/wp\/v2\/types\/post"}],"author":[{"embeddable":true,"href":"https:\/\/radiofenix.com.ar\/2023\/wp-json\/wp\/v2\/users\/2"}],"replies":[{"embeddable":true,"href":"https:\/\/radiofenix.com.ar\/2023\/wp-json\/wp\/v2\/comments?post=160273"}],"version-history":[{"count":0,"href":"https:\/\/radiofenix.com.ar\/2023\/wp-json\/wp\/v2\/posts\/160273\/revisions"}],"wp:featuredmedia":[{"embeddable":true,"href":"https:\/\/radiofenix.com.ar\/2023\/wp-json\/"}],"wp:attachment":[{"href":"https:\/\/radiofenix.com.ar\/2023\/wp-json\/wp\/v2\/media?parent=160273"}],"wp:term":[{"taxonomy":"category","embeddable":true,"href":"https:\/\/radiofenix.com.ar\/2023\/wp-json\/wp\/v2\/categories?post=160273"},{"taxonomy":"post_tag","embeddable":true,"href":"https:\/\/radiofenix.com.ar\/2023\/wp-json\/wp\/v2\/tags?post=160273"}],"curies":[{"name":"wp","href":"https:\/\/api.w.org\/{rel}","templated":true}]}}