{"id":161459,"date":"2023-02-02T00:04:19","date_gmt":"2023-02-02T00:04:19","guid":{"rendered":"http:\/\/radiofenix.com.ar\/la-causa-sobre-el-viaje-de-jueces-y-funcionarios-a-lago-escondido-paso-a-comodoro-py-2\/"},"modified":"2023-02-02T00:04:19","modified_gmt":"2023-02-02T00:04:19","slug":"la-causa-sobre-el-viaje-de-jueces-y-funcionarios-a-lago-escondido-paso-a-comodoro-py-2","status":"publish","type":"post","link":"https:\/\/radiofenix.com.ar\/2023\/la-causa-sobre-el-viaje-de-jueces-y-funcionarios-a-lago-escondido-paso-a-comodoro-py-2\/","title":{"rendered":"La causa sobre el viaje de jueces y funcionarios a Lago Escondido pas\u00f3 a Comodoro Py"},"content":{"rendered":"<p>El juez\u00a0Eduardo Farah solicit\u00f3\u00a0al Juzgado Federal de Bariloche \u00abla remisi\u00f3n\u00bb de la investigaci\u00f3n.\u00a0El paso de jurisdicci\u00f3n hab\u00eda sido solicitado por Pablo Yadarola, un juez imputado en la causa por ser uno de los viajeros que visit\u00f3 la estancia del magnate brit\u00e1nico, Joe Lewis, acompa\u00f1ado por otros jueces.El juez\u00a0Eduardo Farah solicit\u00f3\u00a0al Juzgado Federal de Bariloche \u00abla remisi\u00f3n\u00bb de la investigaci\u00f3n.\u00a0El paso de jurisdicci\u00f3n hab\u00eda sido solicitado por Pablo Yadarola, un juez imputado en la causa por ser uno de los viajeros que visit\u00f3 la estancia del magnate brit\u00e1nico, Joe Lewis, acompa\u00f1ado por otros jueces.<\/p>\n","protected":false},"excerpt":{"rendered":"<p>El juez\u00a0Eduardo Farah solicit\u00f3\u00a0al Juzgado Federal de Bariloche \u00abla remisi\u00f3n\u00bb de la investigaci\u00f3n.\u00a0El paso de&#8230;<\/p>\n","protected":false},"author":2,"featured_media":161460,"comment_status":"open","ping_status":"open","sticky":false,"template":"","format":"standard","meta":{"footnotes":""},"categories":[2],"tags":[],"class_list":["post-161459","post","type-post","status-publish","format-standard","has-post-thumbnail","hentry","category-politica"],"featured_image_urls":{"full":"","thumbnail":"","medium":"","medium_large":"","large":"","1536x1536":"","2048x2048":"","newsium-slider-full":"","newsium-featured":"","newsium-medium":""},"author_info":{"info":["c1500921"]},"category_info":"<a href=\"https:\/\/radiofenix.com.ar\/2023\/category\/politica\/\" rel=\"category tag\">Pol\u00edtica<\/a>","tag_info":"Pol\u00edtica","comment_count":"0","_links":{"self":[{"href":"https:\/\/radiofenix.com.ar\/2023\/wp-json\/wp\/v2\/posts\/161459","targetHints":{"allow":["GET"]}}],"collection":[{"href":"https:\/\/radiofenix.com.ar\/2023\/wp-json\/wp\/v2\/posts"}],"about":[{"href":"https:\/\/radiofenix.com.ar\/2023\/wp-json\/wp\/v2\/types\/post"}],"author":[{"embeddable":true,"href":"https:\/\/radiofenix.com.ar\/2023\/wp-json\/wp\/v2\/users\/2"}],"replies":[{"embeddable":true,"href":"https:\/\/radiofenix.com.ar\/2023\/wp-json\/wp\/v2\/comments?post=161459"}],"version-history":[{"count":0,"href":"https:\/\/radiofenix.com.ar\/2023\/wp-json\/wp\/v2\/posts\/161459\/revisions"}],"wp:featuredmedia":[{"embeddable":true,"href":"https:\/\/radiofenix.com.ar\/2023\/wp-json\/"}],"wp:attachment":[{"href":"https:\/\/radiofenix.com.ar\/2023\/wp-json\/wp\/v2\/media?parent=161459"}],"wp:term":[{"taxonomy":"category","embeddable":true,"href":"https:\/\/radiofenix.com.ar\/2023\/wp-json\/wp\/v2\/categories?post=161459"},{"taxonomy":"post_tag","embeddable":true,"href":"https:\/\/radiofenix.com.ar\/2023\/wp-json\/wp\/v2\/tags?post=161459"}],"curies":[{"name":"wp","href":"https:\/\/api.w.org\/{rel}","templated":true}]}}